{"id":6520,"date":"2020-05-20T00:27:33","date_gmt":"2020-05-20T00:27:33","guid":{"rendered":"https:\/\/oparanews.com.br\/?p=6520"},"modified":"2020-05-20T00:27:33","modified_gmt":"2020-05-20T00:27:33","slug":"brasil-registra-mais-de-mil-mortes-pelo-coronavirus-em-24h","status":"publish","type":"post","link":"https:\/\/www.oparanews.com.br\/index.php\/2020\/05\/20\/brasil-registra-mais-de-mil-mortes-pelo-coronavirus-em-24h\/","title":{"rendered":"Brasil registra mais de mil mortes pelo coronav\u00edrus em 24h"},"content":{"rendered":"<p>Passados quase tr\u00eas meses desde o primeiro caso confirmado de coronav\u00edrus no Brasil (em 26 de fevereiro) e pouco mais de dois meses desde que foi registrada a primeira morte em decorr\u00eancia da doen\u00e7a (17 de mar\u00e7o), o Brasil alcan\u00e7ou nesta ter\u00e7a-feira a marca de mil mortes registradas em 24 horas.<\/p>\n<p>O Pa\u00eds tamb\u00e9m bateu o recorde de casos notificados em um dia. De acordo com o Minist\u00e9rio da Sa\u00fade 17.971 pessoas perderam a vida por complica\u00e7\u00f5es da covid-19 (foram 1.179 registros nas \u00faltimas 24 horas, o maior at\u00e9 agora). No total, oficialmente 271.628 pessoas j\u00e1 foram infectadas. Foram 17.408 novos registros.<\/p>\n<p>No total, oficialmente 271.628 pessoas j\u00e1 foram infectadas. Foram 17.408 novos registros em 24 horas.<\/p>\n<p>De acordo com o levantamento da Universidade Johns Hopkins, o Brasil tamb\u00e9m \u00e9 o 6\u00ba na lista de pa\u00edses com mais mortes acumuladas por covid-19, e fica atr\u00e1s apenas de Estados Unidos (91.570), Reino Unido (35.422), It\u00e1lia (32.169), Fran\u00e7a (28.025) e Espanha (27.778).<\/p>\n<p>Conforme ressalta o Minist\u00e9rio da Sa\u00fade, os novos registros em 24 horas n\u00e3o indicam efetivamente quantas pessoas faleceram ou se infectaram de um dia para o outro, mas sim o n\u00famero de registros que tiveram o diagn\u00f3stico de coronav\u00edrus confirmado nesse intervalo.<\/p>\n<p>&nbsp;<\/p>\n<p><strong>Fonte: Terra<\/strong><\/p>\n<p>&nbsp;<\/p>\n","protected":false},"excerpt":{"rendered":"<p>Passados quase tr\u00eas meses desde o primeiro caso confirmado de coronav\u00edrus no Brasil (em 26 de fevereiro) e pouco mais de dois meses desde que foi registrada a primeira morte em decorr\u00eancia da doen\u00e7a (17 de mar\u00e7o), o Brasil alcan\u00e7ou nesta ter\u00e7a-feira a marca de mil mortes registradas em 24 horas. O Pa\u00eds tamb\u00e9m bateu &hellip;<\/p>\n","protected":false},"author":1,"featured_media":6521,"comment_status":"open","ping_status":"open","sticky":false,"template":"","format":"standard","meta":{"_jetpack_newsletter_access":"","_jetpack_dont_email_post_to_subs":false,"_jetpack_newsletter_tier_id":0,"_jetpack_memberships_contains_paywalled_content":false,"_jetpack_memberships_contains_paid_content":false,"footnotes":""},"categories":[1],"tags":[],"class_list":["post-6520","post","type-post","status-publish","format-standard","has-post-thumbnail","hentry","category-destaque"],"jetpack_sharing_enabled":true,"jetpack_featured_media_url":"","_links":{"self":[{"href":"https:\/\/www.oparanews.com.br\/index.php\/wp-json\/wp\/v2\/posts\/6520","targetHints":{"allow":["GET"]}}],"collection":[{"href":"https:\/\/www.oparanews.com.br\/index.php\/wp-json\/wp\/v2\/posts"}],"about":[{"href":"https:\/\/www.oparanews.com.br\/index.php\/wp-json\/wp\/v2\/types\/post"}],"author":[{"embeddable":true,"href":"https:\/\/www.oparanews.com.br\/index.php\/wp-json\/wp\/v2\/users\/1"}],"replies":[{"embeddable":true,"href":"https:\/\/www.oparanews.com.br\/index.php\/wp-json\/wp\/v2\/comments?post=6520"}],"version-history":[{"count":0,"href":"https:\/\/www.oparanews.com.br\/index.php\/wp-json\/wp\/v2\/posts\/6520\/revisions"}],"wp:attachment":[{"href":"https:\/\/www.oparanews.com.br\/index.php\/wp-json\/wp\/v2\/media?parent=6520"}],"wp:term":[{"taxonomy":"category","embeddable":true,"href":"https:\/\/www.oparanews.com.br\/index.php\/wp-json\/wp\/v2\/categories?post=6520"},{"taxonomy":"post_tag","embeddable":true,"href":"https:\/\/www.oparanews.com.br\/index.php\/wp-json\/wp\/v2\/tags?post=6520"}],"curies":[{"name":"wp","href":"https:\/\/api.w.org\/{rel}","templated":true}]}}