{"id":6526,"date":"2020-05-20T00:33:34","date_gmt":"2020-05-20T00:33:34","guid":{"rendered":"https:\/\/oparanews.com.br\/?p=6526"},"modified":"2020-05-20T00:33:34","modified_gmt":"2020-05-20T00:33:34","slug":"cbf-se-anima-com-alemanha-e-preve-volta-do-futebol-em-junho","status":"publish","type":"post","link":"https:\/\/www.oparanews.com.br\/index.php\/2020\/05\/20\/cbf-se-anima-com-alemanha-e-preve-volta-do-futebol-em-junho\/","title":{"rendered":"CBF se anima com Alemanha e prev\u00ea volta do futebol em junho"},"content":{"rendered":"<p>O futebol brasileiro come\u00e7ou a ensaiar uma retomada que, dependendo da curva de casos de coronav\u00edrus, poderia ocorrer no fim de junho, disse nesta ter\u00e7a-feira \u00e0 Reuters o secret\u00e1rio-geral da Confedera\u00e7\u00e3o Brasileira de Futebol (CBF), Walter Feldman.<\/p>\n<p>Feldman destacou que o Campeonato Brasileiro pode ter todos os jogos com port\u00f5es fechados e ser conclu\u00eddo apenas no come\u00e7o do 2021. Segundo ele, a volta da liga da Alemanha, no fim de semana, deu uma esperan\u00e7a ao futebol mundial e mostrou uma perspectiva animadora.<\/p>\n<p>&#8220;Parar foi necess\u00e1rio e voltar \u00e9 poss\u00edvel. Esse \u00e9 o grande aprendizado com o retorno do alem\u00e3o&#8230; a Alemanha \u00e9 uma \u00f3tima sinaliza\u00e7\u00e3o&#8221;, disse ele \u00e0 Reuters.<\/p>\n<p>O Campeonato Alem\u00e3o foi o primeiro das grandes ligas do mundo a retomar suas atividades, mas com uma s\u00e9rie de protocolos e restri\u00e7\u00f5es, como jogos com port\u00f5es fechados, medidas de distanciamento social e testes de atletas e profissionais envolvidos.<\/p>\n<p>O protocolo final de sa\u00fade da CBF, que ser\u00e1 recomendado aos clubes, est\u00e1 em fase de conclus\u00e3o, mas incluir\u00e1, segundo Feldman, medidas como testes permanentes para a Covid-19, distanciamento social, medidas de higiene, transporte em ve\u00edculos particulares dos atletas e jogos com port\u00f5es fechados.<\/p>\n<p>&#8220;Podemos ter sim s\u00f3 jogos com port\u00f5es fechados&#8230; em pa\u00edses a epidemia vai e volta, tem novas ondas. Aglomera\u00e7\u00f5es mesmo s\u00f3 com vacina e controle absoluto&#8221;, afirmou Feldman.<\/p>\n<p>O Campeonato Brasileiro deveria ter come\u00e7ado este m\u00eas n\u00e3o fosse a pandemia. Agora, a perspectiva \u00e9 que o futebol nacional seja retomado entre o fim de junho e o in\u00edcio de julho. &#8220;Maio \u00e9 o per\u00edodo mais dram\u00e1tico da doen\u00e7a e vamos ver as portas que v\u00e3o se abrir em junho&#8230; o aprofundamento da crise, agora, significa que logo em seguida deve vir o abrandamento&#8221;, disse.<\/p>\n<p>Nesta ter\u00e7a-feira, dirigentes de clubes de futebol, incluindo presidentes de Flamengo e Vasco, se reuniram em Bras\u00edlia com o presidente Jair Bolsonaro para conversar sobre a situa\u00e7\u00e3o do futebol brasileiro. Bolsonaro posou para fotos, uma delas com a camisa do Flamengo.<\/p>\n<p>O futebol brasileiro est\u00e1 parado desde mar\u00e7o, quando campeonatos locais e nacionais (como a Copa do Brasil) foram interrompidos devido \u00e0s medidas de restri\u00e7\u00e3o provocadas pela pandemia.<\/p>\n<p>Grandes clubes do Brasil j\u00e1 iniciaram atividades nos \u00faltimos dias, depois de um per\u00edodo de treinos remotos. &#8220;O ensaio da perspectiva de treinamento \u00e9 um ensaio para a volta (do futebol)&#8221;, disse Feldman.<\/p>\n<p>&#8220;Dependendo da curva da doen\u00e7a aqui no pa\u00eds&#8230; mais um m\u00eas ou um m\u00eas e meio ap\u00f3s o pico. Maio abre portas, junho abre outras adicionais e n\u00e3o duvido quem em junho, com a volta dos treinos, protocolo sustentado e possibilidade de flexibiliza\u00e7\u00e3o das autoridades de sa\u00fade, o futebol possa voltar com restri\u00e7\u00f5es&#8221;, afirmou.<\/p>\n<p>Normalmente, o Campeonato Brasileiro termina no come\u00e7o de dezembro, mas, diante do atraso provocado pela pandemia, a competi\u00e7\u00e3o usar\u00e1 datas perto do Natal e Ano Novo e pode at\u00e9 s\u00f3 ser conclu\u00eddo em 2021, afirmou. &#8220;\u00c9 poss\u00edvel que tenhamos Natal e ano novo com futebol nas datas pr\u00f3ximas&#8221;.<\/p>\n<p>&nbsp;<\/p>\n<p><strong>Fonte: Terra<\/strong><\/p>\n<p>&nbsp;<\/p>\n","protected":false},"excerpt":{"rendered":"<p>O futebol brasileiro come\u00e7ou a ensaiar uma retomada que, dependendo da curva de casos de coronav\u00edrus, poderia ocorrer no fim de junho, disse nesta ter\u00e7a-feira \u00e0 Reuters o secret\u00e1rio-geral da Confedera\u00e7\u00e3o Brasileira de Futebol (CBF), Walter Feldman. Feldman destacou que o Campeonato Brasileiro pode ter todos os jogos com port\u00f5es fechados e ser conclu\u00eddo apenas &hellip;<\/p>\n","protected":false},"author":1,"featured_media":6527,"comment_status":"open","ping_status":"open","sticky":false,"template":"","format":"standard","meta":{"_jetpack_newsletter_access":"","_jetpack_dont_email_post_to_subs":false,"_jetpack_newsletter_tier_id":0,"_jetpack_memberships_contains_paywalled_content":false,"_jetpack_memberships_contains_paid_content":false,"footnotes":""},"categories":[1],"tags":[],"class_list":["post-6526","post","type-post","status-publish","format-standard","has-post-thumbnail","hentry","category-destaque"],"jetpack_sharing_enabled":true,"jetpack_featured_media_url":"","_links":{"self":[{"href":"https:\/\/www.oparanews.com.br\/index.php\/wp-json\/wp\/v2\/posts\/6526","targetHints":{"allow":["GET"]}}],"collection":[{"href":"https:\/\/www.oparanews.com.br\/index.php\/wp-json\/wp\/v2\/posts"}],"about":[{"href":"https:\/\/www.oparanews.com.br\/index.php\/wp-json\/wp\/v2\/types\/post"}],"author":[{"embeddable":true,"href":"https:\/\/www.oparanews.com.br\/index.php\/wp-json\/wp\/v2\/users\/1"}],"replies":[{"embeddable":true,"href":"https:\/\/www.oparanews.com.br\/index.php\/wp-json\/wp\/v2\/comments?post=6526"}],"version-history":[{"count":0,"href":"https:\/\/www.oparanews.com.br\/index.php\/wp-json\/wp\/v2\/posts\/6526\/revisions"}],"wp:attachment":[{"href":"https:\/\/www.oparanews.com.br\/index.php\/wp-json\/wp\/v2\/media?parent=6526"}],"wp:term":[{"taxonomy":"category","embeddable":true,"href":"https:\/\/www.oparanews.com.br\/index.php\/wp-json\/wp\/v2\/categories?post=6526"},{"taxonomy":"post_tag","embeddable":true,"href":"https:\/\/www.oparanews.com.br\/index.php\/wp-json\/wp\/v2\/tags?post=6526"}],"curies":[{"name":"wp","href":"https:\/\/api.w.org\/{rel}","templated":true}]}}