{"id":6529,"date":"2020-05-20T00:39:42","date_gmt":"2020-05-20T00:39:42","guid":{"rendered":"https:\/\/oparanews.com.br\/?p=6529"},"modified":"2020-05-20T00:39:42","modified_gmt":"2020-05-20T00:39:42","slug":"pais-esta-sem-perspectiva-diz-toffoli-sobre-pandemia","status":"publish","type":"post","link":"https:\/\/www.oparanews.com.br\/index.php\/2020\/05\/20\/pais-esta-sem-perspectiva-diz-toffoli-sobre-pandemia\/","title":{"rendered":"Pa\u00eds est\u00e1 &#8220;sem perspectiva&#8221;, diz Toffoli sobre pandemia"},"content":{"rendered":"<p>O presidente do Supremo Tribunal Federal (STF), Dias Toffoli, afirmou nesta ter\u00e7a-feira, em videoconfer\u00eancia com centrais sindicais, que a falta de coordena\u00e7\u00e3o de a\u00e7\u00f5es no combate \u00e0 pandemia de covid-19 prejudica a retomada da economia.<\/p>\n<p>No encontro, segundo nota distribu\u00edda pela assessoria de comunica\u00e7\u00e3o da presid\u00eancia do STF, Toffoli debateu a situa\u00e7\u00e3o dos trabalhadores diante da pandemia da Covid-19, tendo como destaque a quest\u00e3o do desemprego e a precariedade das rela\u00e7\u00f5es de trabalho no momento, al\u00e9m da necessidade de a\u00e7\u00f5es articuladas para garantir a retomada das atividades do setor produtivo.<\/p>\n<p>&#8220;N\u00f3s estamos h\u00e1 dois meses sem perspectiva, essa \u00e9 a verdade. Falta coordena\u00e7\u00e3o, falta orienta\u00e7\u00e3o, faltam medidas que nos deem tranquilidade. Estou convicto de que a sociedade, tendo os sindicatos como representantes dos trabalhadores, deve apresentar uma proposta&#8221;, disse o presidente do STF, conforme a nota.<\/p>\n<p>Toffoli afirmou que o Minist\u00e9rio da Economia pode contribuir mais e deve ser acionado pelas centrais.<\/p>\n<p>H\u00e1 duas semanas, o presidente Jair Bolsonaro levou um grupo de empres\u00e1rios para uma audi\u00eancia de \u00faltima hora com Toffoli para reclamar das restri\u00e7\u00f5es impostas por Estados e munic\u00edpios \u00e0 ind\u00fastria e ao com\u00e9rcio durante a epidemia de coronav\u00edrus, e afirmou que as consequ\u00eancias econ\u00f4micas est\u00e3o &#8220;batendo \u00e0 porta&#8221;.<\/p>\n<p>Em resposta, o presidente do STF disse na ocasi\u00e3o que o governo deveria fazer uma coordena\u00e7\u00e3o do Executivo com os demais Poderes e com os governos estaduais.<\/p>\n<p>No STF, a decis\u00e3o do presidente de se dirigir a p\u00e9 do Pal\u00e1cio do Planalto com ministros e empres\u00e1rios ao Supremo para cobrar medidas de flexibiliza\u00e7\u00e3o do isolamento social em raz\u00e3o do novo coronav\u00edrus foi vista como um jogo midi\u00e1tico que tenta dividir responsabilidades exclusivas do governo com a corte, disseram fontes do tribunal \u00e0 Reuters.<\/p>\n<p>&nbsp;<\/p>\n<p><strong>Fonte: Terra<\/strong><\/p>\n<p>&nbsp;<\/p>\n","protected":false},"excerpt":{"rendered":"<p>O presidente do Supremo Tribunal Federal (STF), Dias Toffoli, afirmou nesta ter\u00e7a-feira, em videoconfer\u00eancia com centrais sindicais, que a falta de coordena\u00e7\u00e3o de a\u00e7\u00f5es no combate \u00e0 pandemia de covid-19 prejudica a retomada da economia. No encontro, segundo nota distribu\u00edda pela assessoria de comunica\u00e7\u00e3o da presid\u00eancia do STF, Toffoli debateu a situa\u00e7\u00e3o dos trabalhadores diante &hellip;<\/p>\n","protected":false},"author":1,"featured_media":6530,"comment_status":"open","ping_status":"open","sticky":false,"template":"","format":"standard","meta":{"_jetpack_newsletter_access":"","_jetpack_dont_email_post_to_subs":false,"_jetpack_newsletter_tier_id":0,"_jetpack_memberships_contains_paywalled_content":false,"_jetpack_memberships_contains_paid_content":false,"footnotes":""},"categories":[1],"tags":[],"class_list":["post-6529","post","type-post","status-publish","format-standard","has-post-thumbnail","hentry","category-destaque"],"jetpack_sharing_enabled":true,"jetpack_featured_media_url":"","_links":{"self":[{"href":"https:\/\/www.oparanews.com.br\/index.php\/wp-json\/wp\/v2\/posts\/6529","targetHints":{"allow":["GET"]}}],"collection":[{"href":"https:\/\/www.oparanews.com.br\/index.php\/wp-json\/wp\/v2\/posts"}],"about":[{"href":"https:\/\/www.oparanews.com.br\/index.php\/wp-json\/wp\/v2\/types\/post"}],"author":[{"embeddable":true,"href":"https:\/\/www.oparanews.com.br\/index.php\/wp-json\/wp\/v2\/users\/1"}],"replies":[{"embeddable":true,"href":"https:\/\/www.oparanews.com.br\/index.php\/wp-json\/wp\/v2\/comments?post=6529"}],"version-history":[{"count":0,"href":"https:\/\/www.oparanews.com.br\/index.php\/wp-json\/wp\/v2\/posts\/6529\/revisions"}],"wp:attachment":[{"href":"https:\/\/www.oparanews.com.br\/index.php\/wp-json\/wp\/v2\/media?parent=6529"}],"wp:term":[{"taxonomy":"category","embeddable":true,"href":"https:\/\/www.oparanews.com.br\/index.php\/wp-json\/wp\/v2\/categories?post=6529"},{"taxonomy":"post_tag","embeddable":true,"href":"https:\/\/www.oparanews.com.br\/index.php\/wp-json\/wp\/v2\/tags?post=6529"}],"curies":[{"name":"wp","href":"https:\/\/api.w.org\/{rel}","templated":true}]}}