{"id":6532,"date":"2020-05-20T13:08:08","date_gmt":"2020-05-20T13:08:08","guid":{"rendered":"https:\/\/oparanews.com.br\/?p=6532"},"modified":"2020-05-20T13:08:08","modified_gmt":"2020-05-20T13:08:08","slug":"diretor-do-saae-penedo-francisco-beltrao-esta-internado-na-uti-com-suspeita-de-covid-19","status":"publish","type":"post","link":"https:\/\/www.oparanews.com.br\/index.php\/2020\/05\/20\/diretor-do-saae-penedo-francisco-beltrao-esta-internado-na-uti-com-suspeita-de-covid-19\/","title":{"rendered":"Diretor do SAAE Penedo, Francisco Beltr\u00e3o, est\u00e1 internado na UTI com suspeita de Covid-19"},"content":{"rendered":"<p>Desde a \u00faltima sexta-feira, 15, o novo diretor do SAAE de Penedo, Francisco Beltr\u00e3o, se encontra internado em uma Unidade de Tratamento Intensivo (UTI), em Macei\u00f3, com suspeita de Covid-19.<\/p>\n<p>Segundo informa\u00e7\u00f5es, Francisco Beltr\u00e3o est\u00e1 fazendo uso de antibi\u00f3ticos e corticoides e os exames laboratoriais de sangue deram resultados normais. O quadro cl\u00ednico atual \u00e9 considerado est\u00e1vel, mas requer cuidados para que o v\u00edrus n\u00e3o progrida.<\/p>\n<p>Com a confirma\u00e7\u00e3o da suspeita de Covid-19 por parte do diretor do SAEE de Penedo, todas as pessoas que tiveram contato com ele dever\u00e1 passar por exames para saber se foram infectadas ou n\u00e3o.<\/p>\n<p>Ainda segundo informa\u00e7\u00f5es, alguns diretores j\u00e1 tinha sidos afastados por conta de suspeita do novo Coronav\u00edrus. O que agrava ainda essa situa\u00e7\u00e3o \u00e9 que n\u00e3o apenas funcion\u00e1rios da Autarquia tiveram contato com Francisco Beltr\u00e3o, como tamb\u00e9m alguns vereadores de Penedo que discutem um Projeto de Lei de reforma administrativa no SAAE.<\/p>\n<p>&nbsp;<\/p>\n<p><strong>por Reda\u00e7\u00e3o<\/strong><\/p>\n<p>&nbsp;<\/p>\n","protected":false},"excerpt":{"rendered":"<p>Desde a \u00faltima sexta-feira, 15, o novo diretor do SAAE de Penedo, Francisco Beltr\u00e3o, se encontra internado em uma Unidade de Tratamento Intensivo (UTI), em Macei\u00f3, com suspeita de Covid-19. Segundo informa\u00e7\u00f5es, Francisco Beltr\u00e3o est\u00e1 fazendo uso de antibi\u00f3ticos e corticoides e os exames laboratoriais de sangue deram resultados normais. O quadro cl\u00ednico atual \u00e9 &hellip;<\/p>\n","protected":false},"author":1,"featured_media":6533,"comment_status":"open","ping_status":"open","sticky":false,"template":"","format":"standard","meta":{"_jetpack_newsletter_access":"","_jetpack_dont_email_post_to_subs":false,"_jetpack_newsletter_tier_id":0,"_jetpack_memberships_contains_paywalled_content":false,"_jetpack_memberships_contains_paid_content":false,"footnotes":""},"categories":[1],"tags":[],"class_list":["post-6532","post","type-post","status-publish","format-standard","has-post-thumbnail","hentry","category-destaque"],"jetpack_sharing_enabled":true,"jetpack_featured_media_url":"","_links":{"self":[{"href":"https:\/\/www.oparanews.com.br\/index.php\/wp-json\/wp\/v2\/posts\/6532","targetHints":{"allow":["GET"]}}],"collection":[{"href":"https:\/\/www.oparanews.com.br\/index.php\/wp-json\/wp\/v2\/posts"}],"about":[{"href":"https:\/\/www.oparanews.com.br\/index.php\/wp-json\/wp\/v2\/types\/post"}],"author":[{"embeddable":true,"href":"https:\/\/www.oparanews.com.br\/index.php\/wp-json\/wp\/v2\/users\/1"}],"replies":[{"embeddable":true,"href":"https:\/\/www.oparanews.com.br\/index.php\/wp-json\/wp\/v2\/comments?post=6532"}],"version-history":[{"count":0,"href":"https:\/\/www.oparanews.com.br\/index.php\/wp-json\/wp\/v2\/posts\/6532\/revisions"}],"wp:attachment":[{"href":"https:\/\/www.oparanews.com.br\/index.php\/wp-json\/wp\/v2\/media?parent=6532"}],"wp:term":[{"taxonomy":"category","embeddable":true,"href":"https:\/\/www.oparanews.com.br\/index.php\/wp-json\/wp\/v2\/categories?post=6532"},{"taxonomy":"post_tag","embeddable":true,"href":"https:\/\/www.oparanews.com.br\/index.php\/wp-json\/wp\/v2\/tags?post=6532"}],"curies":[{"name":"wp","href":"https:\/\/api.w.org\/{rel}","templated":true}]}}