{"id":6538,"date":"2020-05-20T16:34:48","date_gmt":"2020-05-20T16:34:48","guid":{"rendered":"https:\/\/oparanews.com.br\/?p=6538"},"modified":"2020-05-20T16:34:48","modified_gmt":"2020-05-20T16:34:48","slug":"novo-protocolo-do-governo-sugere-cloroquina-em-casos-leves","status":"publish","type":"post","link":"https:\/\/www.oparanews.com.br\/index.php\/2020\/05\/20\/novo-protocolo-do-governo-sugere-cloroquina-em-casos-leves\/","title":{"rendered":"Novo protocolo do governo sugere cloroquina em casos leves"},"content":{"rendered":"<p>O Minist\u00e9rio da Sa\u00fade divulgou hoje um protocolo para aplica\u00e7\u00e3o da cloroquina e hidroxicloroquina em pacientes em todos os casos, inclusive os com sintomas leves, para tratar do novo coronav\u00edrus. O protocolo, que sugere a combina\u00e7\u00e3o dos dois medicamentos com azitromicina, \u00e9 uma orienta\u00e7\u00e3o para a rede p\u00fablica de sa\u00fade.<\/p>\n<p>O uso do medicamento \u00e9 defendido pelo presidente Jair Bolsonaro (sem partido) e foi o principal ponto de diverg\u00eancia com o ex-ministro da Sa\u00fade Nelson Teich, que deixou o cargo na semana passada. O protocolo foi publicado no momento em que o minist\u00e9rio \u00e9 comandado interinamente pelo general Eduardo Pazuello.<\/p>\n<p>Termo de consentimento<\/p>\n<p>Segundo o protocolo, &#8220;a prescri\u00e7\u00e3o de todo e qualquer medicamento \u00e9 prerrogativa do m\u00e9dico&#8221;. M\u00e9dicos da rede p\u00fablica temem press\u00e3o pelo uso da cloroquina. O texto tamb\u00e9m diz que o paciente vai ter que assinar o termo de consentimento a respeito da aplica\u00e7\u00e3o de cloroquina e hidroxicloroquina no tratamento.<\/p>\n<p>O termo indica que &#8220;a cloroquina e a hidroxicloroquina podem causar efeitos colaterais&#8221;, citando disfun\u00e7\u00e3o card\u00edaca e altera\u00e7\u00f5es visuais, por exemplo. Os dois rem\u00e9dios t\u00eam formula\u00e7\u00f5es diferentes, mas que levam a mesma subst\u00e2ncia, a cloroquina. Os benef\u00edcios cl\u00ednicos s\u00e3o parecidos, mas os efeitos adversos n\u00e3o. A hidroxicloroquina \u00e9 considerada um pouco mais segura, com menos efeitos colaterais.<\/p>\n<p>O termo de consentimento salienta que &#8220;n\u00e3o h\u00e1, at\u00e9 o momento, estudos demonstrando melhora cl\u00ednica dos pacientes com covid-19 quando tratados com hidroxicloroquina&#8221;.<\/p>\n<p>Sintomas leves e protocolo<\/p>\n<p>Entre os sintomas leves listados pelo governo, est\u00e3o coriza, diarreia, dor abdominal, febre, tosse, entre outros.<\/p>\n<p>A aplica\u00e7\u00e3o indicada da cloroquina \u00e9 de 450 miligramas a cada doze horas no primeiro dia. A mesma quantidade poder\u00e1 ser usada a cada 24 horas do segundo ao quinto dia de tratamento.<\/p>\n<p>O medicamento dever\u00e1 ser usado junto com a azitromicina, com uma dose de 500 miligramas, uma vez ao dia, por cinco dias. Nos casos leves, n\u00e3o est\u00e1 prevista a interna\u00e7\u00e3o do paciente.<\/p>\n<p>Outra possibilidade de tratamento para sintomas leves indicada pelo protocolo \u00e9 combinar a azitromicina com sulfato de hidroxicloroquina. A dose seria aplicada nos mesmos per\u00edodos da cloroquina, mas em uma quantidade menor, de 400 miligramas.<\/p>\n<p>O protocolo tamb\u00e9m aponta o mesmo uso desses medicamentos para sintomas moderados, como tosse e febre persistentes.<\/p>\n<p>Minist\u00e9rio quer evitar &#8220;autoprescri\u00e7\u00e3o&#8221;<\/p>\n<p>Para a pasta, a &#8220;autoprescri\u00e7\u00e3o&#8221; de medicamentos&#8221; pode resultar em preju\u00edzos a sa\u00fade e\/ou redu\u00e7\u00e3o da oferta para pessoas com indica\u00e7\u00e3o precisa para o seu uso&#8221;.<\/p>\n<p>A cloroquina \u00e9 um rem\u00e9dio usado para o tratamento de doen\u00e7as como l\u00fapus e mal\u00e1ria. Alguns pacientes com l\u00fapus temiam a falta do medicamento em raz\u00e3o de uma corrida em busca do medicamento.<\/p>\n<p>O minist\u00e9rio indica que o protocolo foi feito &#8220;considerando a exist\u00eancia de diversos estudos e a larga experi\u00eancia do uso da cloroquina e da hidroxicloroquina&#8221; no tratamento dessas doen\u00e7as. E diz que &#8220;n\u00e3o existe, at\u00e9 o momento, outro tratamento eficaz dispon\u00edvel para a covid-19&#8221;.<\/p>\n<p>No texto, o Minist\u00e9rio da Sa\u00fade diz que, &#8220;at\u00e9 o momento, n\u00e3o existem evid\u00eancias cient\u00edficas robustas que possibilitem a indica\u00e7\u00e3o de terapia farmacol\u00f3gica espec\u00edfica para a covid-19&#8221;.<\/p>\n<p>O protocolo diz que &#8220;existem muitos medicamentos em teste, com muitos resultados sendo divulgados diariamente&#8221;. &#8220;E v\u00e1rios destes medicamentos t\u00eam sido promissores em testes de laborat\u00f3rio e por observa\u00e7\u00e3o cl\u00ednica, mesmo com ainda muitos ensaios cl\u00ednicos em an\u00e1lise&#8221;.<\/p>\n<p>&#8220;Contram\u00e3o&#8221;<\/p>\n<p>O protocolo seria uma &#8220;medida imposta na contram\u00e3o das evidencias cientificas&#8221;, avalia o m\u00e9dico Evaldo Stanislau, diretor da Sociedade Paulista de Infectologia. &#8220;Temos evid\u00eancias que demonstram que n\u00e3o s\u00f3 n\u00e3o h\u00e1 benef\u00edcio como h\u00e1 risco&#8221;, avalia.<\/p>\n<p>&#8220;N\u00e3o d\u00e1 para gente usar essa droga agora. N\u00e3o tem base cient\u00edfica. As sociedades brasileiras, todos os grandes e respeitados institutos cient\u00edficos, com metodologia e baseados em estudos, evidenciaram que a hidroxicloroquina n\u00e3o traz benef\u00edcio, mas risco&#8221;, comenta Stanislau.<\/p>\n<p>&nbsp;<\/p>\n<p><strong>Fonte: Uol<\/strong><\/p>\n<p>&nbsp;<\/p>\n","protected":false},"excerpt":{"rendered":"<p>O Minist\u00e9rio da Sa\u00fade divulgou hoje um protocolo para aplica\u00e7\u00e3o da cloroquina e hidroxicloroquina em pacientes em todos os casos, inclusive os com sintomas leves, para tratar do novo coronav\u00edrus. O protocolo, que sugere a combina\u00e7\u00e3o dos dois medicamentos com azitromicina, \u00e9 uma orienta\u00e7\u00e3o para a rede p\u00fablica de sa\u00fade. O uso do medicamento \u00e9 &hellip;<\/p>\n","protected":false},"author":1,"featured_media":6539,"comment_status":"open","ping_status":"open","sticky":false,"template":"","format":"standard","meta":{"_jetpack_newsletter_access":"","_jetpack_dont_email_post_to_subs":false,"_jetpack_newsletter_tier_id":0,"_jetpack_memberships_contains_paywalled_content":false,"_jetpack_memberships_contains_paid_content":false,"footnotes":""},"categories":[1],"tags":[],"class_list":["post-6538","post","type-post","status-publish","format-standard","has-post-thumbnail","hentry","category-destaque"],"jetpack_sharing_enabled":true,"jetpack_featured_media_url":"","_links":{"self":[{"href":"https:\/\/www.oparanews.com.br\/index.php\/wp-json\/wp\/v2\/posts\/6538","targetHints":{"allow":["GET"]}}],"collection":[{"href":"https:\/\/www.oparanews.com.br\/index.php\/wp-json\/wp\/v2\/posts"}],"about":[{"href":"https:\/\/www.oparanews.com.br\/index.php\/wp-json\/wp\/v2\/types\/post"}],"author":[{"embeddable":true,"href":"https:\/\/www.oparanews.com.br\/index.php\/wp-json\/wp\/v2\/users\/1"}],"replies":[{"embeddable":true,"href":"https:\/\/www.oparanews.com.br\/index.php\/wp-json\/wp\/v2\/comments?post=6538"}],"version-history":[{"count":0,"href":"https:\/\/www.oparanews.com.br\/index.php\/wp-json\/wp\/v2\/posts\/6538\/revisions"}],"wp:attachment":[{"href":"https:\/\/www.oparanews.com.br\/index.php\/wp-json\/wp\/v2\/media?parent=6538"}],"wp:term":[{"taxonomy":"category","embeddable":true,"href":"https:\/\/www.oparanews.com.br\/index.php\/wp-json\/wp\/v2\/categories?post=6538"},{"taxonomy":"post_tag","embeddable":true,"href":"https:\/\/www.oparanews.com.br\/index.php\/wp-json\/wp\/v2\/tags?post=6538"}],"curies":[{"name":"wp","href":"https:\/\/api.w.org\/{rel}","templated":true}]}}