{"id":6541,"date":"2020-05-21T00:50:59","date_gmt":"2020-05-21T00:50:59","guid":{"rendered":"https:\/\/oparanews.com.br\/?p=6541"},"modified":"2020-05-21T00:50:59","modified_gmt":"2020-05-21T00:50:59","slug":"apos-lockdown-maranhao-anuncia-reabertura-economica","status":"publish","type":"post","link":"https:\/\/www.oparanews.com.br\/index.php\/2020\/05\/21\/apos-lockdown-maranhao-anuncia-reabertura-economica\/","title":{"rendered":"Ap\u00f3s lockdown, Maranh\u00e3o anuncia reabertura econ\u00f4mica"},"content":{"rendered":"<p>O governador do Maranh\u00e3o, Fl\u00e1vio Dino (PCdoB), anunciou em pronunciamento nesta quarta-feira, 20, que o Estado ir\u00e1 come\u00e7ar um processo &#8220;gradual&#8221; de libera\u00e7\u00e3o das atividades econ\u00f4micas a partir da pr\u00f3xima segunda-feira, 25. Na declara\u00e7\u00e3o, Dino afirmou que a reabertura ser\u00e1 dividida por setores, que seguir\u00e3o protocolos sanit\u00e1rios e de seguran\u00e7a que ser\u00e3o aprovados pela Casa C\u00ecvil.<\/p>\n<p>As medidas de reabertura gradual da economia devem se estender por 45 dias. Segundo o governador, o decreto que restringe atividades comerciais e a circula\u00e7\u00e3o de pessoas para combater a pandemia do novo coronav\u00edrus ser\u00e1 mantido em todo o Estado at\u00e9 domingo, 24.<\/p>\n<p>A determina\u00e7\u00e3o permite que sejam reabertas as empresas familiares, ou seja, locais em que trabalham somente o propriet\u00e1rio e pessoas do seu grupo familiar. A defini\u00e7\u00e3o vale para todas as pequenas empresas do Maranh\u00e3o que possuam essa caracter\u00edstica. Os comerciantes dever\u00e3o seguir os protocolos de higiene, etiqueta respirat\u00f3ria, adotar o uso de m\u00e1scaras e praticar o distanciamento social. &#8220;Para outros segmentos econ\u00f4micos, a libera\u00e7\u00e3o depender\u00e1 da aprova\u00e7\u00e3o, pela Casa Civil, de protocolos sanit\u00e1rios setoriais que j\u00e1 est\u00e3o sendo elaborados&#8221;, explicou Dino.<\/p>\n<p>O an\u00fancio ocorre ap\u00f3s o Maranh\u00e3o registrar a marca de 15.114 casos de covid-19 e 634 \u00f3bitos pela doen\u00e7a. O Estado \u00e9 o 7\u00ba no ranking do Pa\u00eds com mais casos confirmados e mortes pelo novo coronav\u00edrus.<\/p>\n<p>&nbsp;<\/p>\n<p><strong>Fonte: Terra<\/strong><\/p>\n<p>&nbsp;<\/p>\n","protected":false},"excerpt":{"rendered":"<p>O governador do Maranh\u00e3o, Fl\u00e1vio Dino (PCdoB), anunciou em pronunciamento nesta quarta-feira, 20, que o Estado ir\u00e1 come\u00e7ar um processo &#8220;gradual&#8221; de libera\u00e7\u00e3o das atividades econ\u00f4micas a partir da pr\u00f3xima segunda-feira, 25. Na declara\u00e7\u00e3o, Dino afirmou que a reabertura ser\u00e1 dividida por setores, que seguir\u00e3o protocolos sanit\u00e1rios e de seguran\u00e7a que ser\u00e3o aprovados pela Casa &hellip;<\/p>\n","protected":false},"author":1,"featured_media":6542,"comment_status":"open","ping_status":"open","sticky":false,"template":"","format":"standard","meta":{"_jetpack_newsletter_access":"","_jetpack_dont_email_post_to_subs":false,"_jetpack_newsletter_tier_id":0,"_jetpack_memberships_contains_paywalled_content":false,"_jetpack_memberships_contains_paid_content":false,"footnotes":""},"categories":[1],"tags":[],"class_list":["post-6541","post","type-post","status-publish","format-standard","has-post-thumbnail","hentry","category-destaque"],"jetpack_sharing_enabled":true,"jetpack_featured_media_url":"","_links":{"self":[{"href":"https:\/\/www.oparanews.com.br\/index.php\/wp-json\/wp\/v2\/posts\/6541","targetHints":{"allow":["GET"]}}],"collection":[{"href":"https:\/\/www.oparanews.com.br\/index.php\/wp-json\/wp\/v2\/posts"}],"about":[{"href":"https:\/\/www.oparanews.com.br\/index.php\/wp-json\/wp\/v2\/types\/post"}],"author":[{"embeddable":true,"href":"https:\/\/www.oparanews.com.br\/index.php\/wp-json\/wp\/v2\/users\/1"}],"replies":[{"embeddable":true,"href":"https:\/\/www.oparanews.com.br\/index.php\/wp-json\/wp\/v2\/comments?post=6541"}],"version-history":[{"count":0,"href":"https:\/\/www.oparanews.com.br\/index.php\/wp-json\/wp\/v2\/posts\/6541\/revisions"}],"wp:attachment":[{"href":"https:\/\/www.oparanews.com.br\/index.php\/wp-json\/wp\/v2\/media?parent=6541"}],"wp:term":[{"taxonomy":"category","embeddable":true,"href":"https:\/\/www.oparanews.com.br\/index.php\/wp-json\/wp\/v2\/categories?post=6541"},{"taxonomy":"post_tag","embeddable":true,"href":"https:\/\/www.oparanews.com.br\/index.php\/wp-json\/wp\/v2\/tags?post=6541"}],"curies":[{"name":"wp","href":"https:\/\/api.w.org\/{rel}","templated":true}]}}