{"id":6544,"date":"2020-05-21T00:56:30","date_gmt":"2020-05-21T00:56:30","guid":{"rendered":"https:\/\/oparanews.com.br\/?p=6544"},"modified":"2020-05-21T00:56:30","modified_gmt":"2020-05-21T00:56:30","slug":"inep-anuncia-que-enem-2020-sera-adiado-em-ate-60-dias","status":"publish","type":"post","link":"https:\/\/www.oparanews.com.br\/index.php\/2020\/05\/21\/inep-anuncia-que-enem-2020-sera-adiado-em-ate-60-dias\/","title":{"rendered":"Inep anuncia que Enem 2020 ser\u00e1 adiado em at\u00e9 60 dias"},"content":{"rendered":"<p>O Instituto Nacional de Estudos e Pesquisas Educacionais An\u00edsio Teixeira (Inep) anunciou, nesta quarta-feira (20), que o Exame Nacional do Ensino M\u00e9dio (Enem) de 2020 ser\u00e1 adiado. De acordo com o \u00f3rg\u00e3o, que \u00e9 respons\u00e1vel pela aplica\u00e7\u00e3o da prova, o exame acontecer\u00e1 entre 30 e 60 dias depois das datas originais. A prova impressa aconteceria entre os dias em 1\u00ba e 8 de novembro e as digitais eram previstas para os dias 22 e 29 de novembro.<\/p>\n<p>A decis\u00e3o acontece menos de 24 horas depois do Senado aprovar o adiamento do Enem 2020. O ministro da Educa\u00e7\u00e3o, Abraham Weintraub, se mostrou contr\u00e1rio \u00e0 medida, mas, nos \u00faltimos dias, admitiu a possibilidade e disse que consultaria a sociedade. &#8220;O MEC far\u00e1 uma consulta, na \u00faltima semana de junho, a todos os inscritos, atrav\u00e9s da &#8216;P\u00e1gina do Participante&#8217;, do Inep. Vamos manter a data? Adiar por 30 dias? Suspender at\u00e9 o fim da pandemia? O governo Jair Bolsonaro quer saber a opini\u00e3o dos brasileiros! Democracia \u00e9 isso!&#8221;, escreveu o ministro, tamb\u00e9m nesta ter\u00e7a-feira (19).<\/p>\n<p>Leia, na \u00edntegra, a nota divulgada pelo Inep:<\/p>\n<p>Atento \u00e0s demandas da sociedade e \u00e0s manifesta\u00e7\u00f5es do Poder Legislativo em fun\u00e7\u00e3o do impacto da pandemia do coronav\u00edrus no Exame Nacional do Ensino M\u00e9dio (Enem) 2020, o Instituto Nacional de Estudos e Pesquisas Educacionais An\u00edsio Teixeira (Inep) e o Minist\u00e9rio da Educa\u00e7\u00e3o (MEC) decidiram pelo adiamento da aplica\u00e7\u00e3o dos exames nas vers\u00f5es impressa e digital. As datas ser\u00e3o adiadas de 30 a 60 dias em rela\u00e7\u00e3o ao que foi previsto nos editais.<\/p>\n<p>Para tanto, o Inep promover\u00e1 uma enquete direcionada aos inscritos do Enem 2020, a ser realizada em junho, por meio da P\u00e1gina do Participante. As inscri\u00e7\u00f5es para o exame seguem abertas at\u00e9 as 23h59 desta sexta-feira, 22 de maio.<\/p>\n<p><strong>Fonte: Terra<\/strong><\/p>\n<p>&nbsp;<\/p>\n","protected":false},"excerpt":{"rendered":"<p>O Instituto Nacional de Estudos e Pesquisas Educacionais An\u00edsio Teixeira (Inep) anunciou, nesta quarta-feira (20), que o Exame Nacional do Ensino M\u00e9dio (Enem) de 2020 ser\u00e1 adiado. De acordo com o \u00f3rg\u00e3o, que \u00e9 respons\u00e1vel pela aplica\u00e7\u00e3o da prova, o exame acontecer\u00e1 entre 30 e 60 dias depois das datas originais. A prova impressa aconteceria &hellip;<\/p>\n","protected":false},"author":1,"featured_media":6545,"comment_status":"open","ping_status":"open","sticky":false,"template":"","format":"standard","meta":{"_jetpack_newsletter_access":"","_jetpack_dont_email_post_to_subs":false,"_jetpack_newsletter_tier_id":0,"_jetpack_memberships_contains_paywalled_content":false,"_jetpack_memberships_contains_paid_content":false,"footnotes":""},"categories":[1],"tags":[],"class_list":["post-6544","post","type-post","status-publish","format-standard","has-post-thumbnail","hentry","category-destaque"],"jetpack_sharing_enabled":true,"jetpack_featured_media_url":"","_links":{"self":[{"href":"https:\/\/www.oparanews.com.br\/index.php\/wp-json\/wp\/v2\/posts\/6544","targetHints":{"allow":["GET"]}}],"collection":[{"href":"https:\/\/www.oparanews.com.br\/index.php\/wp-json\/wp\/v2\/posts"}],"about":[{"href":"https:\/\/www.oparanews.com.br\/index.php\/wp-json\/wp\/v2\/types\/post"}],"author":[{"embeddable":true,"href":"https:\/\/www.oparanews.com.br\/index.php\/wp-json\/wp\/v2\/users\/1"}],"replies":[{"embeddable":true,"href":"https:\/\/www.oparanews.com.br\/index.php\/wp-json\/wp\/v2\/comments?post=6544"}],"version-history":[{"count":0,"href":"https:\/\/www.oparanews.com.br\/index.php\/wp-json\/wp\/v2\/posts\/6544\/revisions"}],"wp:attachment":[{"href":"https:\/\/www.oparanews.com.br\/index.php\/wp-json\/wp\/v2\/media?parent=6544"}],"wp:term":[{"taxonomy":"category","embeddable":true,"href":"https:\/\/www.oparanews.com.br\/index.php\/wp-json\/wp\/v2\/categories?post=6544"},{"taxonomy":"post_tag","embeddable":true,"href":"https:\/\/www.oparanews.com.br\/index.php\/wp-json\/wp\/v2\/tags?post=6544"}],"curies":[{"name":"wp","href":"https:\/\/api.w.org\/{rel}","templated":true}]}}