{"id":6547,"date":"2020-05-21T01:03:10","date_gmt":"2020-05-21T01:03:10","guid":{"rendered":"https:\/\/oparanews.com.br\/?p=6547"},"modified":"2020-05-21T01:03:10","modified_gmt":"2020-05-21T01:03:10","slug":"homens-sao-presos-depois-de-espancar-e-matar-mulher-com-facao-em-marechal-deodoro","status":"publish","type":"post","link":"https:\/\/www.oparanews.com.br\/index.php\/2020\/05\/21\/homens-sao-presos-depois-de-espancar-e-matar-mulher-com-facao-em-marechal-deodoro\/","title":{"rendered":"Homens s\u00e3o presos depois de espancar e matar mulher com fac\u00e3o em Marechal Deodoro"},"content":{"rendered":"<p>Tr\u00eas homens foram presos na manh\u00e3 desta quarta-feira (20) por assassinar uma mulher com um fac\u00e3o em Marechal Deodoro, na regi\u00e3o metropolitana de Macei\u00f3. Vilma Maria de Oliveira Silva, de 25 anos, foi espancada e morta em uma estrada vicinal pr\u00f3ximo ao Conjunto Gislene Matheus, na Baixa da Sapa.<\/p>\n<p>De acordo com a Pol\u00edcia Civil, o pai, filho e um menor de idade confessaram o crime e foram detidos em menos de cinco horas ap\u00f3s o assassinato da v\u00edtima.<\/p>\n<p>O chefe de opera\u00e7\u00f5es de Marechal Deodoro, Ant\u00f4nio Augusto, informou que os suspeitos e a v\u00edtima estavam ingerido bebida alco\u00f3lica. Na ocasi\u00e3o, um celular tinha desaparecido. Um dos suspeitos espancou Vilma pensando que ela tinha roubado o aparelho e o menor a levou para comprar mais bebidas e no caminho os tr\u00eas a mataram.<\/p>\n<p>Ainda segundo a pol\u00edcia, a arma do foi encontrada na casa do pai do menor ainda suja de sangue. A arma foi apreendida e os suspeitos foram levados para a delegacia da cidade.<\/p>\n<p>&nbsp;<\/p>\n<p><strong>Fonte: G1\/AL<\/strong><\/p>\n<p>&nbsp;<\/p>\n","protected":false},"excerpt":{"rendered":"<p>Tr\u00eas homens foram presos na manh\u00e3 desta quarta-feira (20) por assassinar uma mulher com um fac\u00e3o em Marechal Deodoro, na regi\u00e3o metropolitana de Macei\u00f3. Vilma Maria de Oliveira Silva, de 25 anos, foi espancada e morta em uma estrada vicinal pr\u00f3ximo ao Conjunto Gislene Matheus, na Baixa da Sapa. De acordo com a Pol\u00edcia Civil, &hellip;<\/p>\n","protected":false},"author":1,"featured_media":6548,"comment_status":"open","ping_status":"open","sticky":false,"template":"","format":"standard","meta":{"_jetpack_newsletter_access":"","_jetpack_dont_email_post_to_subs":false,"_jetpack_newsletter_tier_id":0,"_jetpack_memberships_contains_paywalled_content":false,"_jetpack_memberships_contains_paid_content":false,"footnotes":""},"categories":[1],"tags":[],"class_list":["post-6547","post","type-post","status-publish","format-standard","has-post-thumbnail","hentry","category-destaque"],"jetpack_sharing_enabled":true,"jetpack_featured_media_url":"","_links":{"self":[{"href":"https:\/\/www.oparanews.com.br\/index.php\/wp-json\/wp\/v2\/posts\/6547","targetHints":{"allow":["GET"]}}],"collection":[{"href":"https:\/\/www.oparanews.com.br\/index.php\/wp-json\/wp\/v2\/posts"}],"about":[{"href":"https:\/\/www.oparanews.com.br\/index.php\/wp-json\/wp\/v2\/types\/post"}],"author":[{"embeddable":true,"href":"https:\/\/www.oparanews.com.br\/index.php\/wp-json\/wp\/v2\/users\/1"}],"replies":[{"embeddable":true,"href":"https:\/\/www.oparanews.com.br\/index.php\/wp-json\/wp\/v2\/comments?post=6547"}],"version-history":[{"count":0,"href":"https:\/\/www.oparanews.com.br\/index.php\/wp-json\/wp\/v2\/posts\/6547\/revisions"}],"wp:attachment":[{"href":"https:\/\/www.oparanews.com.br\/index.php\/wp-json\/wp\/v2\/media?parent=6547"}],"wp:term":[{"taxonomy":"category","embeddable":true,"href":"https:\/\/www.oparanews.com.br\/index.php\/wp-json\/wp\/v2\/categories?post=6547"},{"taxonomy":"post_tag","embeddable":true,"href":"https:\/\/www.oparanews.com.br\/index.php\/wp-json\/wp\/v2\/tags?post=6547"}],"curies":[{"name":"wp","href":"https:\/\/api.w.org\/{rel}","templated":true}]}}