{"id":6564,"date":"2020-05-21T01:21:16","date_gmt":"2020-05-21T01:21:16","guid":{"rendered":"https:\/\/oparanews.com.br\/?p=6564"},"modified":"2020-05-21T01:21:16","modified_gmt":"2020-05-21T01:21:16","slug":"marcio-garcia-e-submetido-a-cirurgia","status":"publish","type":"post","link":"https:\/\/www.oparanews.com.br\/index.php\/2020\/05\/21\/marcio-garcia-e-submetido-a-cirurgia\/","title":{"rendered":"M\u00e1rcio Garcia \u00e9 submetido \u00e0 cirurgia"},"content":{"rendered":"<p>O apresentador M\u00e1rcio Garcia, que atualmente est\u00e1 no ar pela Globo na apresenta\u00e7\u00e3o do programa Tamanho Fam\u00edlia, que vai ao ar na programa\u00e7\u00e3o de domingo, passou por um grande susto em sua casa. O famoso sofreu um acidente dom\u00e9stico na tarde desta quarta-feira, dia 20 de maio, e acabou precisando passar por uma cirurgia de emerg\u00eancia no Rio de Janeiro.<\/p>\n<p>A informa\u00e7\u00e3o foi revelada pelo pr\u00f3prio M\u00e1rcio, que usou sua conta oficial em uma rede social para publicar um v\u00eddeo em que explica o que aconteceu. Al\u00e9m disso, ele tamb\u00e9m garante, j\u00e1 tentando evitar rumores, que sua interna\u00e7\u00e3o n\u00e3o tem qualquer rela\u00e7\u00e3o com a pandemia do novo coronav\u00edrus. O comunicador, que atualmente tem 50 anos de idade, pediu para que seus f\u00e3s n\u00e3o se preocupem, j\u00e1 que ele est\u00e1 bem.<\/p>\n<p>\u201cN\u00e3o fiquem preocupados, n\u00e3o \u00e9 Covid-19. Testei negativo, mas estou internado na Cl\u00ednica S\u00e3o Vicente, na G\u00e1vea. Foi um susto. Fui empurrar uma mesa com o bra\u00e7o esticado e tive uma ruptura total do tend\u00e3o do b\u00edceps. J\u00e1 fiz a cirurgia\u201d, afirmou.<\/p>\n<p><strong>Esposa acompanhou<\/strong><\/p>\n<p>M\u00e1rcio Garcia, que est\u00e1 em uma cl\u00ednica na Zona Sul da capital carioca, ainda mostrou que estava acompanhado da esposa Andrea Santa Rosa. \u201cEstou em \u00f3tima companhia, minha amada est\u00e1 aqui comigo. Daqui a pouco, estamos de volta \u00e0 nossa quarentena. J\u00e1 com saudades da bagun\u00e7a, da cachorrada, da molecada. J\u00e1 j\u00e1 mando not\u00edcias l\u00e1 da nossa casinha\u201d, concluiu. Por fim, Andrea comentou: \u201cEstou firme e forte cuidando do marid\u00e3o\u201d.<\/p>\n<p>Nos coment\u00e1rios, o apresentador recebeu o carinho de amigos famosos e de f\u00e3s. \u201cCaramba, que susto! Melhoras!\u201d, desejou a colega Fernanda Gentil, que tamb\u00e9m trabalha na Globo.<\/p>\n<p>&nbsp;<\/p>\n<p><strong>Fonte: Spinoff<\/strong><\/p>\n<p>&nbsp;<\/p>\n","protected":false},"excerpt":{"rendered":"<p>O apresentador M\u00e1rcio Garcia, que atualmente est\u00e1 no ar pela Globo na apresenta\u00e7\u00e3o do programa Tamanho Fam\u00edlia, que vai ao ar na programa\u00e7\u00e3o de domingo, passou por um grande susto em sua casa. O famoso sofreu um acidente dom\u00e9stico na tarde desta quarta-feira, dia 20 de maio, e acabou precisando passar por uma cirurgia de &hellip;<\/p>\n","protected":false},"author":1,"featured_media":6565,"comment_status":"open","ping_status":"open","sticky":false,"template":"","format":"standard","meta":{"_jetpack_newsletter_access":"","_jetpack_dont_email_post_to_subs":false,"_jetpack_newsletter_tier_id":0,"_jetpack_memberships_contains_paywalled_content":false,"_jetpack_memberships_contains_paid_content":false,"footnotes":""},"categories":[1],"tags":[],"class_list":["post-6564","post","type-post","status-publish","format-standard","has-post-thumbnail","hentry","category-destaque"],"jetpack_sharing_enabled":true,"jetpack_featured_media_url":"","_links":{"self":[{"href":"https:\/\/www.oparanews.com.br\/index.php\/wp-json\/wp\/v2\/posts\/6564","targetHints":{"allow":["GET"]}}],"collection":[{"href":"https:\/\/www.oparanews.com.br\/index.php\/wp-json\/wp\/v2\/posts"}],"about":[{"href":"https:\/\/www.oparanews.com.br\/index.php\/wp-json\/wp\/v2\/types\/post"}],"author":[{"embeddable":true,"href":"https:\/\/www.oparanews.com.br\/index.php\/wp-json\/wp\/v2\/users\/1"}],"replies":[{"embeddable":true,"href":"https:\/\/www.oparanews.com.br\/index.php\/wp-json\/wp\/v2\/comments?post=6564"}],"version-history":[{"count":0,"href":"https:\/\/www.oparanews.com.br\/index.php\/wp-json\/wp\/v2\/posts\/6564\/revisions"}],"wp:attachment":[{"href":"https:\/\/www.oparanews.com.br\/index.php\/wp-json\/wp\/v2\/media?parent=6564"}],"wp:term":[{"taxonomy":"category","embeddable":true,"href":"https:\/\/www.oparanews.com.br\/index.php\/wp-json\/wp\/v2\/categories?post=6564"},{"taxonomy":"post_tag","embeddable":true,"href":"https:\/\/www.oparanews.com.br\/index.php\/wp-json\/wp\/v2\/tags?post=6564"}],"curies":[{"name":"wp","href":"https:\/\/api.w.org\/{rel}","templated":true}]}}