{"id":6570,"date":"2020-05-21T01:31:47","date_gmt":"2020-05-21T01:31:47","guid":{"rendered":"https:\/\/oparanews.com.br\/?p=6570"},"modified":"2020-05-21T01:31:47","modified_gmt":"2020-05-21T01:31:47","slug":"ex-tecnico-da-selecao-feminina-e-internado-em-sp","status":"publish","type":"post","link":"https:\/\/www.oparanews.com.br\/index.php\/2020\/05\/21\/ex-tecnico-da-selecao-feminina-e-internado-em-sp\/","title":{"rendered":"Ex-t\u00e9cnico da sele\u00e7\u00e3o feminina \u00e9 internado em SP"},"content":{"rendered":"<p>O t\u00e9cnico Oswaldo Alvarez precisou ser internado na \u00faltima segunda-feira (18), na capital paulista. Vad\u00e3o passa por um tratamento contra um c\u00e2ncer descoberto no in\u00edcio deste ano, segundo o UOL.<\/p>\n<p>O ex-t\u00e9cnico da Sele\u00e7\u00e3o Brasileira feminina de futebol estava hospitalizado em Campinas, no interior do estado, mas precisou ser transferido para a capital.<\/p>\n<p>Com passagens de destaque em Campinas, os perfis de Guarani e Ponte Petra publicaram mensagens de apoio ao t\u00e9cnico.<\/p>\n<p>Aos 63 anos, o comandante est\u00e1 fora do futebol desde 2019, quando o Brasil saiu nas oitavas de final da Copa do Mundo para Fran\u00e7a.<\/p>\n<p>Vad\u00e3o realiza tratamento contra o c\u00e2ncer desde o in\u00edcio de 2020 com sess\u00f5es de quimioterapia. No entanto, recentemente o quadro de sa\u00fade do t\u00e9cnico piorou.<\/p>\n<p>&nbsp;<\/p>\n<p><strong>Fonte: ISTO \u00c9<\/strong><\/p>\n<p>&nbsp;<\/p>\n","protected":false},"excerpt":{"rendered":"<p>O t\u00e9cnico Oswaldo Alvarez precisou ser internado na \u00faltima segunda-feira (18), na capital paulista. Vad\u00e3o passa por um tratamento contra um c\u00e2ncer descoberto no in\u00edcio deste ano, segundo o UOL. O ex-t\u00e9cnico da Sele\u00e7\u00e3o Brasileira feminina de futebol estava hospitalizado em Campinas, no interior do estado, mas precisou ser transferido para a capital. Com passagens &hellip;<\/p>\n","protected":false},"author":1,"featured_media":6571,"comment_status":"open","ping_status":"open","sticky":false,"template":"","format":"standard","meta":{"_jetpack_newsletter_access":"","_jetpack_dont_email_post_to_subs":false,"_jetpack_newsletter_tier_id":0,"_jetpack_memberships_contains_paywalled_content":false,"_jetpack_memberships_contains_paid_content":false,"footnotes":""},"categories":[1],"tags":[],"class_list":["post-6570","post","type-post","status-publish","format-standard","has-post-thumbnail","hentry","category-destaque"],"jetpack_sharing_enabled":true,"jetpack_featured_media_url":"","_links":{"self":[{"href":"https:\/\/www.oparanews.com.br\/index.php\/wp-json\/wp\/v2\/posts\/6570","targetHints":{"allow":["GET"]}}],"collection":[{"href":"https:\/\/www.oparanews.com.br\/index.php\/wp-json\/wp\/v2\/posts"}],"about":[{"href":"https:\/\/www.oparanews.com.br\/index.php\/wp-json\/wp\/v2\/types\/post"}],"author":[{"embeddable":true,"href":"https:\/\/www.oparanews.com.br\/index.php\/wp-json\/wp\/v2\/users\/1"}],"replies":[{"embeddable":true,"href":"https:\/\/www.oparanews.com.br\/index.php\/wp-json\/wp\/v2\/comments?post=6570"}],"version-history":[{"count":0,"href":"https:\/\/www.oparanews.com.br\/index.php\/wp-json\/wp\/v2\/posts\/6570\/revisions"}],"wp:attachment":[{"href":"https:\/\/www.oparanews.com.br\/index.php\/wp-json\/wp\/v2\/media?parent=6570"}],"wp:term":[{"taxonomy":"category","embeddable":true,"href":"https:\/\/www.oparanews.com.br\/index.php\/wp-json\/wp\/v2\/categories?post=6570"},{"taxonomy":"post_tag","embeddable":true,"href":"https:\/\/www.oparanews.com.br\/index.php\/wp-json\/wp\/v2\/tags?post=6570"}],"curies":[{"name":"wp","href":"https:\/\/api.w.org\/{rel}","templated":true}]}}