{"id":6576,"date":"2020-05-21T17:20:45","date_gmt":"2020-05-21T17:20:45","guid":{"rendered":"https:\/\/oparanews.com.br\/?p=6576"},"modified":"2020-05-21T17:20:45","modified_gmt":"2020-05-21T17:20:45","slug":"suspeito-de-homicidio-e-preso-pela-policia-civil-em-murici","status":"publish","type":"post","link":"https:\/\/www.oparanews.com.br\/index.php\/2020\/05\/21\/suspeito-de-homicidio-e-preso-pela-policia-civil-em-murici\/","title":{"rendered":"Suspeito de homic\u00eddio \u00e9 preso pela Pol\u00edcia Civil em Murici"},"content":{"rendered":"<p>Policiais civis prenderam na quarta-feira (20) um homem de 49 anos suspeito de praticar um homic\u00eddio e que estava foragido da justi\u00e7a. O crime ocorreu no dia 29 de mar\u00e7o de 2009 na cidade de Uni\u00e3o dos Palmares.<\/p>\n<p>De acordo com o delegado Gustavo Henrique, a v\u00edtima foi morta ap\u00f3s uma emboscada. O delegado disse que o crime foi motivado porque a esposa do homicida tinha um envolvimento amoroso com a v\u00edtima.<\/p>\n<p>\u201cNo dia do crime, cometido em 29 de mar\u00e7o de 2009 na zona rural da cidade de Uni\u00e3o dos Palmares, a v\u00edtima saiu de casa para trabalhar, quando foi surpreendida pelo infrator numa emboscada, que o executou com golpes de instrumento corto-contundente, possivelmente um fac\u00e3o. Ap\u00f3s o crime o acusado se evadiu, n\u00e3o tendo sido mais visto naquele munic\u00edpio de Uni\u00e3o dos Palmares n\u00e3o havendo not\u00edcia de seu paradeiro\u201d, explicou Gustavo Henrique, coordenador da Deic.<\/p>\n<p>O acusado foi localizado e preso em cumprimento a mandado de pris\u00e3o da Justi\u00e7a, expedido pela Comarca de Uni\u00e3o dos Palmares.<\/p>\n<p>Ap\u00f3s investiga\u00e7\u00f5es, a pol\u00edcia conseguiu encontrar o homem na cidade de Murici, onde passou a morar ap\u00f3s o crime.<\/p>\n<p>\u201cParabenizo o belo trabalho investigativo feito pela Se\u00e7\u00e3o de Capturas nesse caso, e ressalto a import\u00e2ncia de uma pris\u00e3o como essas, tendo em visto acabar com um sentimento de impunidade em rela\u00e7\u00e3o ao crime praticado, em virtude do lapso temporal j\u00e1 transcorrido, inclusive o pr\u00f3prio infrator chegou a dizer que, ap\u00f3s tanto tempo, n\u00e3o esperava mais ser preso por esse fato\u201d, frisou o delegado Gustavo Henrique.<\/p>\n<p>Depois da pris\u00e3o, o acusado foi encaminhado \u00e0 sede da DEIC, no bairro da Santa Am\u00e9lia, onde o cumprimento do mandado de pris\u00e3o foi formalizado. Em seguida ele foi conduzido para o sistema prisional, onde permanece \u00e0 disposi\u00e7\u00e3o da Justi\u00e7a.<\/p>\n<p>&nbsp;<\/p>\n<p><strong>Fonte: G1\/AL<\/strong><\/p>\n<p>&nbsp;<\/p>\n","protected":false},"excerpt":{"rendered":"<p>Policiais civis prenderam na quarta-feira (20) um homem de 49 anos suspeito de praticar um homic\u00eddio e que estava foragido da justi\u00e7a. O crime ocorreu no dia 29 de mar\u00e7o de 2009 na cidade de Uni\u00e3o dos Palmares. De acordo com o delegado Gustavo Henrique, a v\u00edtima foi morta ap\u00f3s uma emboscada. O delegado disse &hellip;<\/p>\n","protected":false},"author":1,"featured_media":6577,"comment_status":"open","ping_status":"open","sticky":false,"template":"","format":"standard","meta":{"_jetpack_newsletter_access":"","_jetpack_dont_email_post_to_subs":false,"_jetpack_newsletter_tier_id":0,"_jetpack_memberships_contains_paywalled_content":false,"_jetpack_memberships_contains_paid_content":false,"footnotes":""},"categories":[1],"tags":[],"class_list":["post-6576","post","type-post","status-publish","format-standard","has-post-thumbnail","hentry","category-destaque"],"jetpack_sharing_enabled":true,"jetpack_featured_media_url":"","_links":{"self":[{"href":"https:\/\/www.oparanews.com.br\/index.php\/wp-json\/wp\/v2\/posts\/6576","targetHints":{"allow":["GET"]}}],"collection":[{"href":"https:\/\/www.oparanews.com.br\/index.php\/wp-json\/wp\/v2\/posts"}],"about":[{"href":"https:\/\/www.oparanews.com.br\/index.php\/wp-json\/wp\/v2\/types\/post"}],"author":[{"embeddable":true,"href":"https:\/\/www.oparanews.com.br\/index.php\/wp-json\/wp\/v2\/users\/1"}],"replies":[{"embeddable":true,"href":"https:\/\/www.oparanews.com.br\/index.php\/wp-json\/wp\/v2\/comments?post=6576"}],"version-history":[{"count":0,"href":"https:\/\/www.oparanews.com.br\/index.php\/wp-json\/wp\/v2\/posts\/6576\/revisions"}],"wp:attachment":[{"href":"https:\/\/www.oparanews.com.br\/index.php\/wp-json\/wp\/v2\/media?parent=6576"}],"wp:term":[{"taxonomy":"category","embeddable":true,"href":"https:\/\/www.oparanews.com.br\/index.php\/wp-json\/wp\/v2\/categories?post=6576"},{"taxonomy":"post_tag","embeddable":true,"href":"https:\/\/www.oparanews.com.br\/index.php\/wp-json\/wp\/v2\/tags?post=6576"}],"curies":[{"name":"wp","href":"https:\/\/api.w.org\/{rel}","templated":true}]}}