{"id":6579,"date":"2020-05-21T17:29:19","date_gmt":"2020-05-21T17:29:19","guid":{"rendered":"https:\/\/oparanews.com.br\/?p=6579"},"modified":"2020-05-21T17:29:19","modified_gmt":"2020-05-21T17:29:19","slug":"olimpiada-pode-ser-cancelada-se-pandemia-nao-for-controlada","status":"publish","type":"post","link":"https:\/\/www.oparanews.com.br\/index.php\/2020\/05\/21\/olimpiada-pode-ser-cancelada-se-pandemia-nao-for-controlada\/","title":{"rendered":"Olimp\u00edada pode ser cancelada se pandemia n\u00e3o for controlada"},"content":{"rendered":"<p>Mesmo adiada para o ano que vem, a Olimp\u00edada de T\u00f3quio (Jap\u00e3o) corre o risco de ser cancelada, caso a pandemia do novo coronav\u00edrus (covid-19) n\u00e3o seja controlada at\u00e9 a data do evento, cuja abertura est\u00e1 prevista para o dia 23 de julho. A afirma\u00e7\u00e3o foi feita por Thomas Bach, presidente do Comit\u00ea Ol\u00edmpico Internacional (COI), durante entrevista ontem (20) \u00e0 rede brit\u00e2nica BBC News.<\/p>\n<p>Ao ser questionado sobre a falta de previsibilidade sobre o controle da covid-19 at\u00e9 a data de abertura da Olimp\u00edada, pela primeira vez Bach admitiu o cancelamento definitivo do evento.<\/p>\n<p>&#8220;Realizar as Olimp\u00edadas no ver\u00e3o [no Jap\u00e3o] \u00e9 a \u00faltima op\u00e7\u00e3o. Francamente, entendo isso porque voc\u00ea n\u00e3o pode empregar para sempre 3.000 ou 5.000 pessoas em um comit\u00ea organizador. Voc\u00ea n\u00e3o pode mudar todos os anos todo o calend\u00e1rio esportivo mundial de todas as principais federa\u00e7\u00f5es. Voc\u00ea n\u00e3o pode ter os atletas em incerteza. Voc\u00ea n\u00e3o pode ter tanta sobreposi\u00e7\u00e3o com os futuros Jogos Ol\u00edmpicos, por isso entendo essa abordagem de nossos parceiros japoneses\u201d.<\/p>\n<p>Apesar da possibilidade real de cancelamento, o presidente do COI refor\u00e7ou que est\u00e1 confiante e empenhado na realiza\u00e7\u00e3o dos Jogos, entre 23 de julho e 8 de agosto de 2021. Ele adiantou poss\u00edveis medidas de seguran\u00e7a sanit\u00e1ria, em avalia\u00e7\u00e3o, como a quarentena de todo o efetivo de profissionais e os cerca de 11 mil atletas.<\/p>\n<p>\u201cTemos de estar preparados (&#8230;) Ao mesmo tempo, estamos olhando os cen\u00e1rios que isso [covid-19] pode exigir para a organiza\u00e7\u00e3o, no que diz respeito \u00e0s medidas de sa\u00fade, elas talvez precisem de quarentena para os atletas, para parte dos atletas, para outros participantes. O que isso pode significar para a vida em uma Vila Ol\u00edmpica e assim por diante? Todos esses cen\u00e1rios diferentes est\u00e3o sendo considerados, e \u00e9 por isso que estou dizendo que \u00e9 uma tarefa gigantesca, porque h\u00e1 tantas op\u00e7\u00f5es diferentes que n\u00e3o \u00e9 f\u00e1cil resolv\u00ea-las agora. Quando tivermos uma vis\u00e3o clara de como ser\u00e1 o mundo em 23 de julho de 2021, tomaremos as decis\u00f5es apropriadas\u201d.<\/p>\n<p>Ainda durante entrevista \u00e0 BBC News, o dirigente classificou como especula\u00e7\u00e3o not\u00edcias de que os Jogos de T\u00f3quio ocorrer\u00e3o sem a presen\u00e7a de torcedores.<\/p>\n<p>\u201cN\u00e3o \u00e9 isso que queremos, porque o esp\u00edrito ol\u00edmpico \u00e9 sobre unir f\u00e3s. Isso que torna os Jogos \u00fanicos. Mas quando chegar\u00edamos a essa decis\u00e3o&#8230; eu pediria que voc\u00ea me desse mais tempo para consultas com os atletas, com a Organiza\u00e7\u00e3o Mundial de Sa\u00fade, com os parceiros japoneses\u201d, concluiu.<\/p>\n<p>&nbsp;<\/p>\n<p><strong>Fonte: Ag\u00eancia Brasil<\/strong><\/p>\n<p>&nbsp;<\/p>\n","protected":false},"excerpt":{"rendered":"<p>Mesmo adiada para o ano que vem, a Olimp\u00edada de T\u00f3quio (Jap\u00e3o) corre o risco de ser cancelada, caso a pandemia do novo coronav\u00edrus (covid-19) n\u00e3o seja controlada at\u00e9 a data do evento, cuja abertura est\u00e1 prevista para o dia 23 de julho. A afirma\u00e7\u00e3o foi feita por Thomas Bach, presidente do Comit\u00ea Ol\u00edmpico Internacional &hellip;<\/p>\n","protected":false},"author":1,"featured_media":6580,"comment_status":"open","ping_status":"open","sticky":false,"template":"","format":"standard","meta":{"_jetpack_newsletter_access":"","_jetpack_dont_email_post_to_subs":false,"_jetpack_newsletter_tier_id":0,"_jetpack_memberships_contains_paywalled_content":false,"_jetpack_memberships_contains_paid_content":false,"footnotes":""},"categories":[1],"tags":[],"class_list":["post-6579","post","type-post","status-publish","format-standard","has-post-thumbnail","hentry","category-destaque"],"jetpack_sharing_enabled":true,"jetpack_featured_media_url":"","_links":{"self":[{"href":"https:\/\/www.oparanews.com.br\/index.php\/wp-json\/wp\/v2\/posts\/6579","targetHints":{"allow":["GET"]}}],"collection":[{"href":"https:\/\/www.oparanews.com.br\/index.php\/wp-json\/wp\/v2\/posts"}],"about":[{"href":"https:\/\/www.oparanews.com.br\/index.php\/wp-json\/wp\/v2\/types\/post"}],"author":[{"embeddable":true,"href":"https:\/\/www.oparanews.com.br\/index.php\/wp-json\/wp\/v2\/users\/1"}],"replies":[{"embeddable":true,"href":"https:\/\/www.oparanews.com.br\/index.php\/wp-json\/wp\/v2\/comments?post=6579"}],"version-history":[{"count":0,"href":"https:\/\/www.oparanews.com.br\/index.php\/wp-json\/wp\/v2\/posts\/6579\/revisions"}],"wp:attachment":[{"href":"https:\/\/www.oparanews.com.br\/index.php\/wp-json\/wp\/v2\/media?parent=6579"}],"wp:term":[{"taxonomy":"category","embeddable":true,"href":"https:\/\/www.oparanews.com.br\/index.php\/wp-json\/wp\/v2\/categories?post=6579"},{"taxonomy":"post_tag","embeddable":true,"href":"https:\/\/www.oparanews.com.br\/index.php\/wp-json\/wp\/v2\/tags?post=6579"}],"curies":[{"name":"wp","href":"https:\/\/api.w.org\/{rel}","templated":true}]}}