{"id":6589,"date":"2020-05-22T01:12:45","date_gmt":"2020-05-22T01:12:45","guid":{"rendered":"https:\/\/oparanews.com.br\/?p=6589"},"modified":"2020-05-22T01:12:45","modified_gmt":"2020-05-22T01:12:45","slug":"bolsonaro-morre-muito-mais-gente-de-pavor-que-do-coronavirus","status":"publish","type":"post","link":"https:\/\/www.oparanews.com.br\/index.php\/2020\/05\/22\/bolsonaro-morre-muito-mais-gente-de-pavor-que-do-coronavirus\/","title":{"rendered":"Bolsonaro: &#8216;Morre muito mais gente de pavor&#8217; que do coronav\u00edrus"},"content":{"rendered":"<p>O presidente Jair Bolsonaro (sem partido) realiza na noite desta quinta-feira (21\/05) uma transmiss\u00e3o ao vivo nas redes sociais. Logo no in\u00edcio da live, no dia em que o Minist\u00e9rio da Sa\u00fade anunciou mais 1.188 mortes pelo coronav\u00edrus, o que leva o total de \u00f3bitos no pa\u00eds pela Covid-19 a 20.047, o chefe do Executivo federal voltou a defender que isso n\u00e3o seja tratado como algo alarmante:<\/p>\n<p>&#8220;Pessoal tem gente morrendo todo dia. A gente lamenta&#8221;, disse. E, logo ap\u00f3s defender que o governo vem, &#8220;desde o primeiro momento&#8221;, liberando recursos para enfrentar a crise, disparou:<\/p>\n<p>&#8220;Morre muito mais gente do pavor do que o ato [coronav\u00edrus] em si. O pavor tamb\u00e9m mata, leva ao estresse, leva ao infarto?&#8221;<\/p>\n<p>E arrematou: &#8220;Queremos que o Brasil volte \u00e0 normalidade. A \u00fanica certeza que a gente tem \u00e9 que vai todo mundo embora um dia&#8221;.<\/p>\n<p>Desde que tomou posse, o chefe do Executivo tem o costume de, nas transmiss\u00f5es, detalhar as a\u00e7\u00f5es do governo para seus apoiadores acompanharem quais medidas est\u00e3o sendo tomadas.<\/p>\n<p>Na semana passada, Bolsonaro afirmou que quem acreditou que o material gravado durante a reuni\u00e3o de ministros seria &#8220;avassalador vai cair do cavalo&#8221;.<\/p>\n<p>&#8220;Todo mundo quer saber. Divulga\u00e7\u00e3o do v\u00eddeo. Aqueles que acreditaram que [agora era] o xeque-mate, ?agora ele se ferrou?, ?v\u00eddeo avassalador?? Voc\u00eas v\u00e3o cair do cavalo, literalmente. Primeiro eu espero que o v\u00eddeo na \u00edntegra n\u00e3o seja liberado, porque tem quest\u00f5es de estado, seguran\u00e7a nacional. E tem coisa pessoal, se fala em economia, n\u00e3o \u00e9 o caso pra tratar desse assunto&#8221;, disse.<\/p>\n<p>Tamb\u00e9m na transmiss\u00e3o da \u00faltima quinta-feira o presidente voltou a falar que espera que a \u00edntegra do v\u00eddeo n\u00e3o seja liberada, mas apenas os trechos que dizem respeito ao inqu\u00e9rito.<\/p>\n<p>&#8220;A gente espera que haja sensibilidade do relator. \u00c9 uma reuni\u00e3o reservada nossa. N\u00e3o \u00e9 uma reuni\u00e3o filmada por for\u00e7a de lei, como \u00e9 na C\u00e2mara, como \u00e9 no Senado Federal. Tem palavr\u00e3o no meio? Tem. \u00c9 a minha maneira de ser&#8221;, acrescentou.<\/p>\n<p>&nbsp;<\/p>\n<p><strong>Fonte: Metr\u00f3poles<\/strong><\/p>\n<p>&nbsp;<\/p>\n","protected":false},"excerpt":{"rendered":"<p>O presidente Jair Bolsonaro (sem partido) realiza na noite desta quinta-feira (21\/05) uma transmiss\u00e3o ao vivo nas redes sociais. Logo no in\u00edcio da live, no dia em que o Minist\u00e9rio da Sa\u00fade anunciou mais 1.188 mortes pelo coronav\u00edrus, o que leva o total de \u00f3bitos no pa\u00eds pela Covid-19 a 20.047, o chefe do Executivo &hellip;<\/p>\n","protected":false},"author":1,"featured_media":6590,"comment_status":"open","ping_status":"open","sticky":false,"template":"","format":"standard","meta":{"_jetpack_newsletter_access":"","_jetpack_dont_email_post_to_subs":false,"_jetpack_newsletter_tier_id":0,"_jetpack_memberships_contains_paywalled_content":false,"_jetpack_memberships_contains_paid_content":false,"footnotes":""},"categories":[1],"tags":[],"class_list":["post-6589","post","type-post","status-publish","format-standard","has-post-thumbnail","hentry","category-destaque"],"jetpack_sharing_enabled":true,"jetpack_featured_media_url":"","_links":{"self":[{"href":"https:\/\/www.oparanews.com.br\/index.php\/wp-json\/wp\/v2\/posts\/6589","targetHints":{"allow":["GET"]}}],"collection":[{"href":"https:\/\/www.oparanews.com.br\/index.php\/wp-json\/wp\/v2\/posts"}],"about":[{"href":"https:\/\/www.oparanews.com.br\/index.php\/wp-json\/wp\/v2\/types\/post"}],"author":[{"embeddable":true,"href":"https:\/\/www.oparanews.com.br\/index.php\/wp-json\/wp\/v2\/users\/1"}],"replies":[{"embeddable":true,"href":"https:\/\/www.oparanews.com.br\/index.php\/wp-json\/wp\/v2\/comments?post=6589"}],"version-history":[{"count":0,"href":"https:\/\/www.oparanews.com.br\/index.php\/wp-json\/wp\/v2\/posts\/6589\/revisions"}],"wp:attachment":[{"href":"https:\/\/www.oparanews.com.br\/index.php\/wp-json\/wp\/v2\/media?parent=6589"}],"wp:term":[{"taxonomy":"category","embeddable":true,"href":"https:\/\/www.oparanews.com.br\/index.php\/wp-json\/wp\/v2\/categories?post=6589"},{"taxonomy":"post_tag","embeddable":true,"href":"https:\/\/www.oparanews.com.br\/index.php\/wp-json\/wp\/v2\/tags?post=6589"}],"curies":[{"name":"wp","href":"https:\/\/api.w.org\/{rel}","templated":true}]}}