{"id":6592,"date":"2020-05-22T01:16:09","date_gmt":"2020-05-22T01:16:09","guid":{"rendered":"https:\/\/oparanews.com.br\/?p=6592"},"modified":"2020-05-22T01:16:09","modified_gmt":"2020-05-22T01:16:09","slug":"bolsonaro-tentou-alterar-bula-da-cloroquina-diz-mandetta","status":"publish","type":"post","link":"https:\/\/www.oparanews.com.br\/index.php\/2020\/05\/22\/bolsonaro-tentou-alterar-bula-da-cloroquina-diz-mandetta\/","title":{"rendered":"Bolsonaro tentou alterar bula da cloroquina, diz Mandetta"},"content":{"rendered":"<p>O ex-ministro da Sa\u00fade Luiz Henrique Mandetta afirmou na quarta-feira (20) que o presidente Jair Bolsonaro (sem partido) pretendia alterar a bula da cloroquina para incluir recomenda\u00e7\u00e3o para o tratamento da Covid-19.<\/p>\n<p>\u201cO presidente se assessorava ou se cercava de outros profissionais m\u00e9dicos. Eu me lembro de quando, no final de um dia de reuni\u00e3o de conselho ministerial, me pediram para entrar numa sala e estavam l\u00e1 um m\u00e9dico anestesista e uma m\u00e9dica imunologista, que estavam com a reda\u00e7\u00e3o de um prov\u00e1vel ou futuro, ou alguma coisa do g\u00eanero, um decreto presidencial\u2026 E a ideia que eles tinham era de alterar a bula do medicamento na Anvisa, colocando na bula indica\u00e7\u00e3o para Covid-19\u201d, afirmou Mandetta, em entrevista para a GloboNews.<\/p>\n<p>\u201cO pr\u00f3prio presidente da Anvisa se assustou com aquele caminho, disse que n\u00e3o poderia concordar. Eu simplesmente disse que aquilo n\u00e3o era uma coisa s\u00e9ria e que eu n\u00e3o iria continuar naquilo dali, que o palco daquela discuss\u00e3o tem que ser no Conselho Federal de Medicina\u201d, afirmou o ex-ministro.<\/p>\n<p><strong>Fonte: ISTO \u00c9<\/strong><\/p>\n<p>&nbsp;<\/p>\n","protected":false},"excerpt":{"rendered":"<p>O ex-ministro da Sa\u00fade Luiz Henrique Mandetta afirmou na quarta-feira (20) que o presidente Jair Bolsonaro (sem partido) pretendia alterar a bula da cloroquina para incluir recomenda\u00e7\u00e3o para o tratamento da Covid-19. \u201cO presidente se assessorava ou se cercava de outros profissionais m\u00e9dicos. Eu me lembro de quando, no final de um dia de reuni\u00e3o &hellip;<\/p>\n","protected":false},"author":1,"featured_media":6593,"comment_status":"open","ping_status":"open","sticky":false,"template":"","format":"standard","meta":{"_jetpack_newsletter_access":"","_jetpack_dont_email_post_to_subs":false,"_jetpack_newsletter_tier_id":0,"_jetpack_memberships_contains_paywalled_content":false,"_jetpack_memberships_contains_paid_content":false,"footnotes":""},"categories":[1],"tags":[],"class_list":["post-6592","post","type-post","status-publish","format-standard","has-post-thumbnail","hentry","category-destaque"],"jetpack_sharing_enabled":true,"jetpack_featured_media_url":"","_links":{"self":[{"href":"https:\/\/www.oparanews.com.br\/index.php\/wp-json\/wp\/v2\/posts\/6592","targetHints":{"allow":["GET"]}}],"collection":[{"href":"https:\/\/www.oparanews.com.br\/index.php\/wp-json\/wp\/v2\/posts"}],"about":[{"href":"https:\/\/www.oparanews.com.br\/index.php\/wp-json\/wp\/v2\/types\/post"}],"author":[{"embeddable":true,"href":"https:\/\/www.oparanews.com.br\/index.php\/wp-json\/wp\/v2\/users\/1"}],"replies":[{"embeddable":true,"href":"https:\/\/www.oparanews.com.br\/index.php\/wp-json\/wp\/v2\/comments?post=6592"}],"version-history":[{"count":0,"href":"https:\/\/www.oparanews.com.br\/index.php\/wp-json\/wp\/v2\/posts\/6592\/revisions"}],"wp:attachment":[{"href":"https:\/\/www.oparanews.com.br\/index.php\/wp-json\/wp\/v2\/media?parent=6592"}],"wp:term":[{"taxonomy":"category","embeddable":true,"href":"https:\/\/www.oparanews.com.br\/index.php\/wp-json\/wp\/v2\/categories?post=6592"},{"taxonomy":"post_tag","embeddable":true,"href":"https:\/\/www.oparanews.com.br\/index.php\/wp-json\/wp\/v2\/tags?post=6592"}],"curies":[{"name":"wp","href":"https:\/\/api.w.org\/{rel}","templated":true}]}}