{"id":6598,"date":"2020-05-22T14:34:07","date_gmt":"2020-05-22T14:34:07","guid":{"rendered":"https:\/\/oparanews.com.br\/?p=6598"},"modified":"2020-05-22T14:34:07","modified_gmt":"2020-05-22T14:34:07","slug":"alagoas-18-pessoas-mortas-por-covid-19-nao-apresentavam-comorbidades","status":"publish","type":"post","link":"https:\/\/www.oparanews.com.br\/index.php\/2020\/05\/22\/alagoas-18-pessoas-mortas-por-covid-19-nao-apresentavam-comorbidades\/","title":{"rendered":"Alagoas: 18 pessoas mortas por Covid-19 n\u00e3o apresentavam comorbidades"},"content":{"rendered":"<p>Do total de 262 \u00f3bitos registrados em Alagoas por Covid-19, 18 v\u00edtimas n\u00e3o apresentavam comorbidades. O n\u00famero equivale a 6,87% dos pacientes. \u00c9 o que mostra o boletim desta quinta-feira (21) emitido diariamente pelo Centro de Informa\u00e7\u00f5es Estrat\u00e9gicas de Vigil\u00e2ncia em Sa\u00fade de Alagoas (CIEVS\/AL).<\/p>\n<p>O percentual \u00e9 maior do que a m\u00e9dia de outros pa\u00edses. Em compara\u00e7\u00e3o com a It\u00e1lia, por exemplo, que foi um dos epicentros da doen\u00e7a na Europa, at\u00e9 o final do m\u00eas de abril, apenas 3,6% das pessoas que morreram pela Covid-19 n\u00e3o apresentavam outras patologias.<\/p>\n<p>O dado refor\u00e7a o alerta que ningu\u00e9m est\u00e1 imune \u00e0 doen\u00e7a err\u00e1tica. N\u00e3o \u00e9 preciso integrar os grupos de risco \u2013 faixa et\u00e1ria acima de 60 anos ou hist\u00f3rico de patologias diversas, como diabetes, hipertens\u00e3o arterial e disfun\u00e7\u00e3o renal, entre outras \u2013 para ser alvo letal do ataque invis\u00edvel do novo coronav\u00edrus.<\/p>\n<p>\u201cN\u00e3o h\u00e1 como afirmar com certeza o porqu\u00ea dos jovens estarem sendo acometidos pelas formas graves, e at\u00e9 indo a \u00f3bito pelo novo coronav\u00edrus, visto que se trata de uma doen\u00e7a nova cuja fisiolatologia \u2013 ou seja, as altera\u00e7\u00f5es que ela provoca no organismo humano \u2013 ainda n\u00e3o est\u00e3o elucidadas\u201d, explica a Dra. Mar\u00edlia Magalh\u00e3es, especialista em Emerg\u00eancia do Hospital Escola Dr. Helvio Auto.<\/p>\n<p>O CIEVS esclarece que, apesar dos boletins di\u00e1rios trazerem uma taxa percentual mais elevada nos \u00faltimos dias \u2013 com aproximadamente de 35% das pessoas que vieram a \u00f3bito sem apresentar doen\u00e7as pr\u00e9vias \u2013, os dados enviados no primeiro momento s\u00e3o revisados posteriormente pelas unidades hospitalares. Ap\u00f3s a devida corre\u00e7\u00e3o, o \u00edndice real tende a diminuir, mas o fato n\u00e3o minimiza a preocupa\u00e7\u00e3o.<\/p>\n<p>Faixa et\u00e1ria<\/p>\n<p>Outro equ\u00edvoco comum associado aos riscos da pandemia reside na ideia de que os jovens seriam mais imunes \u00e0 doen\u00e7a. Engano fatal. Os n\u00fameros mostram outra realidade. Em Alagoas, o maior \u00edndice de contamina\u00e7\u00e3o se encontra nas pessoas com idade entre 30 e 49 anos. Dos 4.916 casos confirmados no estado, 45,7% est\u00e3o nessa faixa et\u00e1ria. 2.241 indiv\u00edduos contaminados. \u00c9 quase a metade.<\/p>\n<p>Ao ampliar a estat\u00edstica para o espectro entre 0 e 49 anos, o n\u00famero chega a 3.015 casos, com o percentual a ultrapassar \u00e0 marca dos 60%. \u201cO que podemos pensar \u00e9 que pacientes jovens e previamente saud\u00e1veis que desenvolvem formas graves tenham sido expostos a uma carga viral muito elevada, tenham alguma predisposi\u00e7\u00e3o gen\u00e9tica para a doen\u00e7a, alguma comorbidade pr\u00e9via desconhecida ou algum comprimento do sistema imunol\u00f3gico anterior do qual tamb\u00e9m n\u00e3o sabia\u201d, teoriza a m\u00e9dica.<\/p>\n<p>Independentemente de apresentar ou n\u00e3o comorbidade, 56 pessoas entre 0 e 49 anos j\u00e1 perderam a vida por Covid-19 no estado em apenas dois meses de pandemia. Um percentual de 21,3% do \u00edndice total de \u00f3bitos. \u201cTendo isto em mente, n\u00e3o h\u00e1 nenhum indiv\u00edduo com risco nulo para a contamina\u00e7\u00e3o e desenvolvimento da doen\u00e7a, seja ela leve, moderada ou grave, sendo imprescind\u00edvel o refor\u00e7o do distanciamento social para aqueles que podem ficar em casa\u201d, orienta a doutora Mar\u00edlia Magalh\u00e3es.<\/p>\n<p>&nbsp;<\/p>\n<p><strong>Fonte: Ag\u00eancia Alagoas<\/strong><\/p>\n<p>&nbsp;<\/p>\n","protected":false},"excerpt":{"rendered":"<p>Do total de 262 \u00f3bitos registrados em Alagoas por Covid-19, 18 v\u00edtimas n\u00e3o apresentavam comorbidades. O n\u00famero equivale a 6,87% dos pacientes. \u00c9 o que mostra o boletim desta quinta-feira (21) emitido diariamente pelo Centro de Informa\u00e7\u00f5es Estrat\u00e9gicas de Vigil\u00e2ncia em Sa\u00fade de Alagoas (CIEVS\/AL). O percentual \u00e9 maior do que a m\u00e9dia de outros &hellip;<\/p>\n","protected":false},"author":1,"featured_media":6599,"comment_status":"open","ping_status":"open","sticky":false,"template":"","format":"standard","meta":{"_jetpack_newsletter_access":"","_jetpack_dont_email_post_to_subs":false,"_jetpack_newsletter_tier_id":0,"_jetpack_memberships_contains_paywalled_content":false,"_jetpack_memberships_contains_paid_content":false,"footnotes":""},"categories":[1],"tags":[],"class_list":["post-6598","post","type-post","status-publish","format-standard","has-post-thumbnail","hentry","category-destaque"],"jetpack_sharing_enabled":true,"jetpack_featured_media_url":"","_links":{"self":[{"href":"https:\/\/www.oparanews.com.br\/index.php\/wp-json\/wp\/v2\/posts\/6598","targetHints":{"allow":["GET"]}}],"collection":[{"href":"https:\/\/www.oparanews.com.br\/index.php\/wp-json\/wp\/v2\/posts"}],"about":[{"href":"https:\/\/www.oparanews.com.br\/index.php\/wp-json\/wp\/v2\/types\/post"}],"author":[{"embeddable":true,"href":"https:\/\/www.oparanews.com.br\/index.php\/wp-json\/wp\/v2\/users\/1"}],"replies":[{"embeddable":true,"href":"https:\/\/www.oparanews.com.br\/index.php\/wp-json\/wp\/v2\/comments?post=6598"}],"version-history":[{"count":0,"href":"https:\/\/www.oparanews.com.br\/index.php\/wp-json\/wp\/v2\/posts\/6598\/revisions"}],"wp:attachment":[{"href":"https:\/\/www.oparanews.com.br\/index.php\/wp-json\/wp\/v2\/media?parent=6598"}],"wp:term":[{"taxonomy":"category","embeddable":true,"href":"https:\/\/www.oparanews.com.br\/index.php\/wp-json\/wp\/v2\/categories?post=6598"},{"taxonomy":"post_tag","embeddable":true,"href":"https:\/\/www.oparanews.com.br\/index.php\/wp-json\/wp\/v2\/tags?post=6598"}],"curies":[{"name":"wp","href":"https:\/\/api.w.org\/{rel}","templated":true}]}}