{"id":6601,"date":"2020-05-22T14:53:59","date_gmt":"2020-05-22T14:53:59","guid":{"rendered":"https:\/\/oparanews.com.br\/?p=6601"},"modified":"2020-05-22T14:53:59","modified_gmt":"2020-05-22T14:53:59","slug":"foragido-da-justica-por-crime-de-homicidio-e-preso-em-branquinha","status":"publish","type":"post","link":"https:\/\/www.oparanews.com.br\/index.php\/2020\/05\/22\/foragido-da-justica-por-crime-de-homicidio-e-preso-em-branquinha\/","title":{"rendered":"Foragido da Justi\u00e7a por crime de homic\u00eddio \u00e9 preso em Branquinha"},"content":{"rendered":"<p>Um homem de 39 anos, que estava foragido da Justi\u00e7a por crime de homic\u00eddio, foi preso por agentes da Se\u00e7\u00e3o de Capturas, da Divis\u00e3o Especial de Investiga\u00e7\u00e3o e Capturas (DEIC), no munic\u00edpio de Branquinha, nessa quinta-feira, 21.<\/p>\n<p>De acordo com as investiga\u00e7\u00f5es da Pol\u00edcia Civil, o crime aconteceu no dia 21 de mar\u00e7o de 2019, nas proximidades do Rio Munda\u00fa, na mesma cidade, e teria sido motivado por uma discuss\u00e3o entre autor e v\u00edtima enquanto consumiam bebida alcoolica.<\/p>\n<p>As investiga\u00e7\u00f5es apontaram que a v\u00edtima foi morta de forma brutal, com um golpe de faca peixeira que quase chegou a degolar o pesco\u00e7o. O corpo foi encontrado posteriormente, inclusive com a camisa utilizada pelo criminoso no dia do assassinato. Ap\u00f3s o crime, o acusado deixou o munic\u00edpio, por\u00e9m voltou a residir no local meses depois.<\/p>\n<p>Ao receber o mandado de pris\u00e3o, expedido pela Comarca de Branquinha, a Se\u00e7\u00e3o de Capturas da DEIC, coordenada pelo delegado Gustavo Henrique, iniciou um trabalho de intelig\u00eancia que culminou com a localiza\u00e7\u00e3o do endere\u00e7o atual do fugitivo.<\/p>\n<p>\u201cParabenizo mais esse excelente trabalho investigativo feito pela Se\u00e7\u00e3o de Capturas, e ressalto que essa \u00e9 mais uma importante pris\u00e3o, especialmente por se tratar de mais um homicida retirado de circula\u00e7\u00e3o, at\u00e9 porque \u00e9 recomenda\u00e7\u00e3o do secret\u00e1rio de Seguran\u00e7a P\u00fablica, Lima J\u00fanior, e do delegado-geral da PCAL, Paulo Cerqueira, que a DEIC, al\u00e9m do incessante combate \u00e0s organiza\u00e7\u00f5es criminosas, d\u00ea apoio a outras delegacias do Estado, sobretudo no que se refere \u00e0 captura de foragidos\u201d, destacou o delegado Gustavo Henrique, coordenador da DEIC.<\/p>\n<p>Depois da pris\u00e3o, o acusado foi encaminhado \u00e0 sede da DEIC, no bairro da Santa Am\u00e9lia, onde o cumprimento do mandado de pris\u00e3o foi formalizado, ap\u00f3s foi conduzido ao sistema prisional, onde permanece \u00e0 disposi\u00e7\u00e3o da Justi\u00e7a.<\/p>\n<p>&nbsp;<\/p>\n<p><strong>Fonte: Ag\u00eancia Alagoas<\/strong><\/p>\n<p>&nbsp;<\/p>\n","protected":false},"excerpt":{"rendered":"<p>Um homem de 39 anos, que estava foragido da Justi\u00e7a por crime de homic\u00eddio, foi preso por agentes da Se\u00e7\u00e3o de Capturas, da Divis\u00e3o Especial de Investiga\u00e7\u00e3o e Capturas (DEIC), no munic\u00edpio de Branquinha, nessa quinta-feira, 21. De acordo com as investiga\u00e7\u00f5es da Pol\u00edcia Civil, o crime aconteceu no dia 21 de mar\u00e7o de 2019, &hellip;<\/p>\n","protected":false},"author":1,"featured_media":6602,"comment_status":"open","ping_status":"open","sticky":false,"template":"","format":"standard","meta":{"_jetpack_newsletter_access":"","_jetpack_dont_email_post_to_subs":false,"_jetpack_newsletter_tier_id":0,"_jetpack_memberships_contains_paywalled_content":false,"_jetpack_memberships_contains_paid_content":false,"footnotes":""},"categories":[1],"tags":[],"class_list":["post-6601","post","type-post","status-publish","format-standard","has-post-thumbnail","hentry","category-destaque"],"jetpack_sharing_enabled":true,"jetpack_featured_media_url":"","_links":{"self":[{"href":"https:\/\/www.oparanews.com.br\/index.php\/wp-json\/wp\/v2\/posts\/6601","targetHints":{"allow":["GET"]}}],"collection":[{"href":"https:\/\/www.oparanews.com.br\/index.php\/wp-json\/wp\/v2\/posts"}],"about":[{"href":"https:\/\/www.oparanews.com.br\/index.php\/wp-json\/wp\/v2\/types\/post"}],"author":[{"embeddable":true,"href":"https:\/\/www.oparanews.com.br\/index.php\/wp-json\/wp\/v2\/users\/1"}],"replies":[{"embeddable":true,"href":"https:\/\/www.oparanews.com.br\/index.php\/wp-json\/wp\/v2\/comments?post=6601"}],"version-history":[{"count":0,"href":"https:\/\/www.oparanews.com.br\/index.php\/wp-json\/wp\/v2\/posts\/6601\/revisions"}],"wp:attachment":[{"href":"https:\/\/www.oparanews.com.br\/index.php\/wp-json\/wp\/v2\/media?parent=6601"}],"wp:term":[{"taxonomy":"category","embeddable":true,"href":"https:\/\/www.oparanews.com.br\/index.php\/wp-json\/wp\/v2\/categories?post=6601"},{"taxonomy":"post_tag","embeddable":true,"href":"https:\/\/www.oparanews.com.br\/index.php\/wp-json\/wp\/v2\/tags?post=6601"}],"curies":[{"name":"wp","href":"https:\/\/api.w.org\/{rel}","templated":true}]}}