{"id":6604,"date":"2020-05-22T14:59:33","date_gmt":"2020-05-22T14:59:33","guid":{"rendered":"https:\/\/oparanews.com.br\/?p=6604"},"modified":"2020-05-22T14:59:33","modified_gmt":"2020-05-22T14:59:33","slug":"vereadores-criticam-atraso-nas-obras-da-uti-em-penedo","status":"publish","type":"post","link":"https:\/\/www.oparanews.com.br\/index.php\/2020\/05\/22\/vereadores-criticam-atraso-nas-obras-da-uti-em-penedo\/","title":{"rendered":"Vereadores criticam atraso nas obras da UTI em Penedo"},"content":{"rendered":"<p>Em um v\u00eddeo divulgado nas redes sociais, os vereadores Valdinho Monteiro e Roberto da Farm\u00e1cia, pede ao prefeito municipal Marcius Beltr\u00e3o que agilize as obras no pr\u00e9dio onde ser\u00e3o instalados os leitos de UTI em Penedo.<\/p>\n<div style=\"width: 480px;\" class=\"wp-video\"><video class=\"wp-video-shortcode\" id=\"video-6604-1\" width=\"480\" height=\"270\" preload=\"metadata\" controls=\"controls\"><source type=\"video\/mp4\" src=\"https:\/\/oparanews.com.br\/wp-content\/uploads\/2020\/05\/monteirovaldinho_20200522_0.mp4?_=1\" \/><a href=\"https:\/\/oparanews.com.br\/wp-content\/uploads\/2020\/05\/monteirovaldinho_20200522_0.mp4\">https:\/\/oparanews.com.br\/wp-content\/uploads\/2020\/05\/monteirovaldinho_20200522_0.mp4<\/a><\/video><\/div>\n<p>\u00c9 poss\u00edvel observar no v\u00eddeo que as obras est\u00e3o em andamento, como j\u00e1 hav\u00edamos divulgado no nosso portal de not\u00edcias OparaNews na semana passada.<\/p>\n<p>&#8220;N\u00f3s estamos estamos fazendo a nossa parte, o governador fez a dele e falta voc\u00ea prefeito fazer a sua&#8221;, disse o vereador Valdinho Monteiro<\/p>\n<p>Penedo hoje (22\/05) tem treze casos confirmados do novo Coronav\u00edrus e cinco suspeitos.<\/p>\n<p>&nbsp;<\/p>\n<p><strong>por Reda\u00e7\u00e3o<\/strong><\/p>\n<p>&nbsp;<\/p>\n","protected":false},"excerpt":{"rendered":"<p>Em um v\u00eddeo divulgado nas redes sociais, os vereadores Valdinho Monteiro e Roberto da Farm\u00e1cia, pede ao prefeito municipal Marcius Beltr\u00e3o que agilize as obras no pr\u00e9dio onde ser\u00e3o instalados os leitos de UTI em Penedo. \u00c9 poss\u00edvel observar no v\u00eddeo que as obras est\u00e3o em andamento, como j\u00e1 hav\u00edamos divulgado no nosso portal de &hellip;<\/p>\n","protected":false},"author":1,"featured_media":6606,"comment_status":"open","ping_status":"open","sticky":false,"template":"","format":"standard","meta":{"_jetpack_newsletter_access":"","_jetpack_dont_email_post_to_subs":false,"_jetpack_newsletter_tier_id":0,"_jetpack_memberships_contains_paywalled_content":false,"_jetpack_memberships_contains_paid_content":false,"footnotes":""},"categories":[1],"tags":[],"class_list":["post-6604","post","type-post","status-publish","format-standard","has-post-thumbnail","hentry","category-destaque"],"jetpack_sharing_enabled":true,"jetpack_featured_media_url":"","_links":{"self":[{"href":"https:\/\/www.oparanews.com.br\/index.php\/wp-json\/wp\/v2\/posts\/6604","targetHints":{"allow":["GET"]}}],"collection":[{"href":"https:\/\/www.oparanews.com.br\/index.php\/wp-json\/wp\/v2\/posts"}],"about":[{"href":"https:\/\/www.oparanews.com.br\/index.php\/wp-json\/wp\/v2\/types\/post"}],"author":[{"embeddable":true,"href":"https:\/\/www.oparanews.com.br\/index.php\/wp-json\/wp\/v2\/users\/1"}],"replies":[{"embeddable":true,"href":"https:\/\/www.oparanews.com.br\/index.php\/wp-json\/wp\/v2\/comments?post=6604"}],"version-history":[{"count":0,"href":"https:\/\/www.oparanews.com.br\/index.php\/wp-json\/wp\/v2\/posts\/6604\/revisions"}],"wp:attachment":[{"href":"https:\/\/www.oparanews.com.br\/index.php\/wp-json\/wp\/v2\/media?parent=6604"}],"wp:term":[{"taxonomy":"category","embeddable":true,"href":"https:\/\/www.oparanews.com.br\/index.php\/wp-json\/wp\/v2\/categories?post=6604"},{"taxonomy":"post_tag","embeddable":true,"href":"https:\/\/www.oparanews.com.br\/index.php\/wp-json\/wp\/v2\/tags?post=6604"}],"curies":[{"name":"wp","href":"https:\/\/api.w.org\/{rel}","templated":true}]}}