{"id":6611,"date":"2020-05-23T12:13:11","date_gmt":"2020-05-23T12:13:11","guid":{"rendered":"https:\/\/oparanews.com.br\/?p=6611"},"modified":"2020-05-23T12:13:11","modified_gmt":"2020-05-23T12:13:11","slug":"diretora-da-faculdade-de-medicina-da-ufal-morre-com-covid-19","status":"publish","type":"post","link":"https:\/\/www.oparanews.com.br\/index.php\/2020\/05\/23\/diretora-da-faculdade-de-medicina-da-ufal-morre-com-covid-19\/","title":{"rendered":"Diretora da Faculdade de Medicina da Ufal morre com Covid-19"},"content":{"rendered":"<p>Morreu na tarde desta sexta-feira (22) Iasmin Duarte, professora e diretora da Faculdade de Medicina da Universidade Federal de Alagoas (Ufal). Ela estava internada em um hospital particular de Macei\u00f3 com Covid-19, doen\u00e7a provocada pelo novo coronav\u00edrus, desde o dia 15 de maio. A informa\u00e7\u00e3o foi confirmada pela Ufal.<\/p>\n<p>O sepultamento ocorre nesta sexta, no cemit\u00e9rio Parque das Flores. Por causa das normas para sepultamentos no per\u00edodo da pandemia do novo coronav\u00edrus, n\u00e3o haver\u00e1 vel\u00f3rio, e a quantidade de pessoas \u00e9 limitada.<\/p>\n<p>A reitoria decretou luto de tr\u00eas dias por causa do falecimento da professora. O reitor, Josealdo Tonholo se manifestou sobre a perda.<\/p>\n<p>\u201cEstamos todos muito tristes. Perdemos um ser de luz! A Ufal est\u00e1 em luto! A classe m\u00e9dica de Alagoas perde uma refer\u00eancia. N\u00f3s perdemos uma amiga!\u201d, afirmou o reitor.<\/p>\n<p>\u201cLament\u00e1vel a partida da professora Iasmin. Estou muito triste mesmo, sem ch\u00e3o. Enfim, jamais esquecerei seu olhar carinhoso e seu jeito afetuoso. Sentirei muita falta dela\u201d, lamentou a vice-reitora da Ufal, Eliane Cavalcanti.<\/p>\n<p>A Faculdade de Medicina da Ufal emitiu nota de pesar.<\/p>\n<p>\u201cCom profunda tristeza, a Faculdade de Medicina informa sobre o falecimento de sua diretora, a professora Iasmin de Albuquerque Cavalcanti Duarte, hoje, dia 22 de maio de 2020. Poucas pessoas podem ser consideradas uma unanimidade e a professora Iasmin era uma delas: respeitada, admirada e amada por todos. Hoje a Famed perda aquela que considerava uma m\u00e3e\u201d, diz a nota.<\/p>\n<p>A Associa\u00e7\u00e3o dos Docentes da Universidade Federal de Alagoas tamb\u00e9m emitiu nota de pesar. \u201cDeixa muita saudade a todos que a conheciam, por ser uma pessoa muito querida&#8221;, diz trecho da nota.<\/p>\n<p>Iasmin de Albuquerque Cavalcanti Duarte era professora da Faculdade de Medicina da Ufal, especialista em Fisiologia e em Pediatria. Tamb\u00e9m era Doutora em Medicina Tropical, pela Universidade Federal de Pernambuco.<\/p>\n<p>&nbsp;<\/p>\n<p><strong>Fonte: G1\/AL<\/strong><\/p>\n<p>&nbsp;<\/p>\n","protected":false},"excerpt":{"rendered":"<p>Morreu na tarde desta sexta-feira (22) Iasmin Duarte, professora e diretora da Faculdade de Medicina da Universidade Federal de Alagoas (Ufal). Ela estava internada em um hospital particular de Macei\u00f3 com Covid-19, doen\u00e7a provocada pelo novo coronav\u00edrus, desde o dia 15 de maio. A informa\u00e7\u00e3o foi confirmada pela Ufal. O sepultamento ocorre nesta sexta, no &hellip;<\/p>\n","protected":false},"author":1,"featured_media":6612,"comment_status":"open","ping_status":"open","sticky":false,"template":"","format":"standard","meta":{"_jetpack_newsletter_access":"","_jetpack_dont_email_post_to_subs":false,"_jetpack_newsletter_tier_id":0,"_jetpack_memberships_contains_paywalled_content":false,"_jetpack_memberships_contains_paid_content":false,"footnotes":""},"categories":[1],"tags":[],"class_list":["post-6611","post","type-post","status-publish","format-standard","has-post-thumbnail","hentry","category-destaque"],"jetpack_sharing_enabled":true,"jetpack_featured_media_url":"","_links":{"self":[{"href":"https:\/\/www.oparanews.com.br\/index.php\/wp-json\/wp\/v2\/posts\/6611","targetHints":{"allow":["GET"]}}],"collection":[{"href":"https:\/\/www.oparanews.com.br\/index.php\/wp-json\/wp\/v2\/posts"}],"about":[{"href":"https:\/\/www.oparanews.com.br\/index.php\/wp-json\/wp\/v2\/types\/post"}],"author":[{"embeddable":true,"href":"https:\/\/www.oparanews.com.br\/index.php\/wp-json\/wp\/v2\/users\/1"}],"replies":[{"embeddable":true,"href":"https:\/\/www.oparanews.com.br\/index.php\/wp-json\/wp\/v2\/comments?post=6611"}],"version-history":[{"count":0,"href":"https:\/\/www.oparanews.com.br\/index.php\/wp-json\/wp\/v2\/posts\/6611\/revisions"}],"wp:attachment":[{"href":"https:\/\/www.oparanews.com.br\/index.php\/wp-json\/wp\/v2\/media?parent=6611"}],"wp:term":[{"taxonomy":"category","embeddable":true,"href":"https:\/\/www.oparanews.com.br\/index.php\/wp-json\/wp\/v2\/categories?post=6611"},{"taxonomy":"post_tag","embeddable":true,"href":"https:\/\/www.oparanews.com.br\/index.php\/wp-json\/wp\/v2\/tags?post=6611"}],"curies":[{"name":"wp","href":"https:\/\/api.w.org\/{rel}","templated":true}]}}