{"id":6614,"date":"2020-05-23T12:16:26","date_gmt":"2020-05-23T12:16:26","guid":{"rendered":"https:\/\/oparanews.com.br\/?p=6614"},"modified":"2020-05-23T12:16:26","modified_gmt":"2020-05-23T12:16:26","slug":"prefeitura-de-penedo-atualiza-decreto-emergencial-por-conta-do-covid-19","status":"publish","type":"post","link":"https:\/\/www.oparanews.com.br\/index.php\/2020\/05\/23\/prefeitura-de-penedo-atualiza-decreto-emergencial-por-conta-do-covid-19\/","title":{"rendered":"Prefeitura de Penedo atualiza decreto emergencial por conta do Covid-19"},"content":{"rendered":"<p>A prefeitura de Penedo publicou nesta sexta-feira (22), no Di\u00e1rio oficial do munic\u00edpio, o Decreto Municipal N\u00ba 680 que atualiza as medidas para o enfrentamento da Emerg\u00eancia de Sa\u00fade P\u00fablica, decorrente do COVID \u2013 19 (Coronav\u00edrus).<\/p>\n<p>De acordo com a publica\u00e7\u00e3o, o novo decreto \u00e9 necess\u00e1rio ap\u00f3s as novas medias adotadas no Estado de Alagoas por meio do Decreto Estadual N\u00ba 69.844, de 19 de maio de 2020, mantendo assim o munic\u00edpio em conson\u00e2ncia com as decis\u00f5es adotadas a n\u00edvel estadual.<\/p>\n<p>O decreto assinado pelo Prefeito Marcius Beltr\u00e3o mant\u00e9m em vigor at\u00e9 o pr\u00f3ximo 31 de maio, as medidas tempor\u00e1rias em combate a pandemia mundial previstas nos Decretos Municipais de n.\u00bas 669\/2020, 670\/2020, 671\/2020, 673\/2020 e 676\/2020.<\/p>\n<p><strong>Restri\u00e7\u00f5es<\/strong><\/p>\n<p>O referido decreto considera a necessidade de alinhamento das medidas tomadas pelos entes federativos no combate ao covid-19, prosseguindo assim com as medidas necess\u00e1rias para o devido isolamento social, adotada em todo pa\u00eds para minimizar a propaga\u00e7\u00e3o da doen\u00e7a.<\/p>\n<p>Com isso o prorroga os efeitos das determina\u00e7\u00f5es anteriores, que restringem as atividades comerciais no atual momento,.<\/p>\n<p>Continuam proibidos o funcionamento de diversos tipos de estabelecimentos comerciais a exemplo de bares, restaurantes, lanchonetes e estabelecimentos cong\u00eaneres, eventos e exposi\u00e7\u00f5es, assim como o transporte coletivo municipal e o transporte intermunicipal rodovi\u00e1rio.<\/p>\n<p>Est\u00e3o liberados da proibi\u00e7\u00e3o papelarias, livrarias, bancas de revista, lojas de material de limpeza, concession\u00e1rias de ve\u00edculos, al\u00e9m de lojas de aviamentos e tecidos, farm\u00e1cias entre outros representando uma reabertura gradativa e segura da atividade comercial.<\/p>\n<p>Esses estabelecimentos dever\u00e3o adotar medidas preventivas para evitar cont\u00e1gio entre seus funcion\u00e1rios e evitar aglomera\u00e7\u00e3o de clientes, entre esses a ado\u00e7\u00e3o da distancia m\u00ednima entre clientes e o uso de m\u00e1scaras e \u00e1lcool em gel.<\/p>\n<p>O novo decreto municipal pode ser acessado pelo seguinte <a href=\"http:\/\/penedo.al.io.org.br\/diarioOficial\/download\/11064\/1380\/0\"><strong>link<\/strong><\/a>.<\/p>\n<p>&nbsp;<\/p>\n<p><strong>por Thiago Sobral &#8211; Decom-PMP<\/strong><\/p>\n<p>&nbsp;<\/p>\n","protected":false},"excerpt":{"rendered":"<p>A prefeitura de Penedo publicou nesta sexta-feira (22), no Di\u00e1rio oficial do munic\u00edpio, o Decreto Municipal N\u00ba 680 que atualiza as medidas para o enfrentamento da Emerg\u00eancia de Sa\u00fade P\u00fablica, decorrente do COVID \u2013 19 (Coronav\u00edrus). De acordo com a publica\u00e7\u00e3o, o novo decreto \u00e9 necess\u00e1rio ap\u00f3s as novas medias adotadas no Estado de Alagoas &hellip;<\/p>\n","protected":false},"author":1,"featured_media":6615,"comment_status":"open","ping_status":"open","sticky":false,"template":"","format":"standard","meta":{"_jetpack_newsletter_access":"","_jetpack_dont_email_post_to_subs":false,"_jetpack_newsletter_tier_id":0,"_jetpack_memberships_contains_paywalled_content":false,"_jetpack_memberships_contains_paid_content":false,"footnotes":""},"categories":[1],"tags":[],"class_list":["post-6614","post","type-post","status-publish","format-standard","has-post-thumbnail","hentry","category-destaque"],"jetpack_sharing_enabled":true,"jetpack_featured_media_url":"","_links":{"self":[{"href":"https:\/\/www.oparanews.com.br\/index.php\/wp-json\/wp\/v2\/posts\/6614","targetHints":{"allow":["GET"]}}],"collection":[{"href":"https:\/\/www.oparanews.com.br\/index.php\/wp-json\/wp\/v2\/posts"}],"about":[{"href":"https:\/\/www.oparanews.com.br\/index.php\/wp-json\/wp\/v2\/types\/post"}],"author":[{"embeddable":true,"href":"https:\/\/www.oparanews.com.br\/index.php\/wp-json\/wp\/v2\/users\/1"}],"replies":[{"embeddable":true,"href":"https:\/\/www.oparanews.com.br\/index.php\/wp-json\/wp\/v2\/comments?post=6614"}],"version-history":[{"count":0,"href":"https:\/\/www.oparanews.com.br\/index.php\/wp-json\/wp\/v2\/posts\/6614\/revisions"}],"wp:attachment":[{"href":"https:\/\/www.oparanews.com.br\/index.php\/wp-json\/wp\/v2\/media?parent=6614"}],"wp:term":[{"taxonomy":"category","embeddable":true,"href":"https:\/\/www.oparanews.com.br\/index.php\/wp-json\/wp\/v2\/categories?post=6614"},{"taxonomy":"post_tag","embeddable":true,"href":"https:\/\/www.oparanews.com.br\/index.php\/wp-json\/wp\/v2\/tags?post=6614"}],"curies":[{"name":"wp","href":"https:\/\/api.w.org\/{rel}","templated":true}]}}