{"id":6624,"date":"2020-05-23T12:29:29","date_gmt":"2020-05-23T12:29:29","guid":{"rendered":"https:\/\/oparanews.com.br\/?p=6624"},"modified":"2020-05-23T12:29:29","modified_gmt":"2020-05-23T12:29:29","slug":"instituto-ve-contagio-sem-controle-no-brasil-e-estima-mortes","status":"publish","type":"post","link":"https:\/\/www.oparanews.com.br\/index.php\/2020\/05\/23\/instituto-ve-contagio-sem-controle-no-brasil-e-estima-mortes\/","title":{"rendered":"Instituto v\u00ea cont\u00e1gio sem controle no Brasil e estima mortes"},"content":{"rendered":"<p>O Imperial College, institui\u00e7\u00e3o brit\u00e2nica com foco em ci\u00eancia, engenharia e medicida, divulgou nesta sexta-feira estimativas preocupantes em rela\u00e7\u00e3o ao coronav\u00edrus no Brasil. A taxa de cont\u00e1gio (Rt), que indica para quantas pessoas em m\u00e9dia cada infectado transmite a covid-19, foi calculada em 1,3. N\u00famero acima de 1 indica que a transmiss\u00e3o est\u00e1 fora de controle.<\/p>\n<p>Al\u00e9m disso, o centro de epidemiologia da universidade, refer\u00eancia no acompanhamento de doen\u00e7as transmiss\u00edveis, calcula que 6.980 mortes ocorram nesta semana, variando de 5.850 a 8.070. O n\u00famero estimado \u00e9 o maior entre os 54 pa\u00edses com transmiss\u00e3o de coronav\u00edrus ativa (ao menos cem mortes registradas desde o come\u00e7o da pandemia e pelo menos dez mortes nas \u00faltimas duas semanas).<\/p>\n<p>Nesta sexta-feira, o diretor do programa de emerg\u00eancias da Organiza\u00e7\u00e3o Mundial da Sa\u00fade (OMS), Michael Ryan, classificou a Am\u00e9rica do Sul como &#8220;um novo epicentro&#8221; da pandemia de covid-19. Ryan destacou que o Brasil \u00e9 o local mais afetado da regi\u00e3o, e alertou para a situa\u00e7\u00e3o no Amazonas, que registra uma das maiores taxas de incid\u00eancia do Pa\u00eds.<\/p>\n<p>No boletim divulgado na quinta-feira pelo Minist\u00e9rio da Sa\u00fade, o Brasil registra 310.087 casos de coronav\u00edrus, sendo mais de 100 mil novas infec\u00e7\u00f5es em apenas uma semana. S\u00e3o 20.047 mortes pela covid-19 no Pa\u00eds.<\/p>\n<p>&nbsp;<\/p>\n<p><strong>Fonte: Terra<\/strong><\/p>\n<p>&nbsp;<\/p>\n","protected":false},"excerpt":{"rendered":"<p>O Imperial College, institui\u00e7\u00e3o brit\u00e2nica com foco em ci\u00eancia, engenharia e medicida, divulgou nesta sexta-feira estimativas preocupantes em rela\u00e7\u00e3o ao coronav\u00edrus no Brasil. A taxa de cont\u00e1gio (Rt), que indica para quantas pessoas em m\u00e9dia cada infectado transmite a covid-19, foi calculada em 1,3. N\u00famero acima de 1 indica que a transmiss\u00e3o est\u00e1 fora de &hellip;<\/p>\n","protected":false},"author":1,"featured_media":6625,"comment_status":"open","ping_status":"open","sticky":false,"template":"","format":"standard","meta":{"_jetpack_newsletter_access":"","_jetpack_dont_email_post_to_subs":false,"_jetpack_newsletter_tier_id":0,"_jetpack_memberships_contains_paywalled_content":false,"_jetpack_memberships_contains_paid_content":false,"footnotes":""},"categories":[1],"tags":[],"class_list":["post-6624","post","type-post","status-publish","format-standard","has-post-thumbnail","hentry","category-destaque"],"jetpack_sharing_enabled":true,"jetpack_featured_media_url":"","_links":{"self":[{"href":"https:\/\/www.oparanews.com.br\/index.php\/wp-json\/wp\/v2\/posts\/6624","targetHints":{"allow":["GET"]}}],"collection":[{"href":"https:\/\/www.oparanews.com.br\/index.php\/wp-json\/wp\/v2\/posts"}],"about":[{"href":"https:\/\/www.oparanews.com.br\/index.php\/wp-json\/wp\/v2\/types\/post"}],"author":[{"embeddable":true,"href":"https:\/\/www.oparanews.com.br\/index.php\/wp-json\/wp\/v2\/users\/1"}],"replies":[{"embeddable":true,"href":"https:\/\/www.oparanews.com.br\/index.php\/wp-json\/wp\/v2\/comments?post=6624"}],"version-history":[{"count":0,"href":"https:\/\/www.oparanews.com.br\/index.php\/wp-json\/wp\/v2\/posts\/6624\/revisions"}],"wp:attachment":[{"href":"https:\/\/www.oparanews.com.br\/index.php\/wp-json\/wp\/v2\/media?parent=6624"}],"wp:term":[{"taxonomy":"category","embeddable":true,"href":"https:\/\/www.oparanews.com.br\/index.php\/wp-json\/wp\/v2\/categories?post=6624"},{"taxonomy":"post_tag","embeddable":true,"href":"https:\/\/www.oparanews.com.br\/index.php\/wp-json\/wp\/v2\/tags?post=6624"}],"curies":[{"name":"wp","href":"https:\/\/api.w.org\/{rel}","templated":true}]}}