{"id":6630,"date":"2020-05-23T12:36:35","date_gmt":"2020-05-23T12:36:35","guid":{"rendered":"https:\/\/oparanews.com.br\/?p=6630"},"modified":"2020-05-23T12:36:35","modified_gmt":"2020-05-23T12:36:35","slug":"bayern-nao-exerce-opcao-de-compra-e-deve-devolver-coutinho","status":"publish","type":"post","link":"https:\/\/www.oparanews.com.br\/index.php\/2020\/05\/23\/bayern-nao-exerce-opcao-de-compra-e-deve-devolver-coutinho\/","title":{"rendered":"Bayern n\u00e3o exerce op\u00e7\u00e3o de compra e deve devolver Coutinho"},"content":{"rendered":"<p>O meia Philippe Coutinho dever\u00e1 deixar o Bayern de Munique ao fim da temporada 2019\/2020 do futebol europeu. Nesta sexta-feira, o clube revelou n\u00e3o ter exercido a op\u00e7\u00e3o de compra do jogador junto ao Barcelona, que emprestou o brasileiro ao time alem\u00e3o por um ano.<\/p>\n<p>Os direitos de Philippe Coutinho estavam fixados em 120 milh\u00f5es de euros (aproximadamente R$ 724 milh\u00f5es). O presidente do Bayern, Karl-Heinz Rummenigge, confirmou que o clube decidiu n\u00e3o comprar o brasileiro, mas n\u00e3o descartou a possibilidade de fechar algum acordo para mant\u00ea-lo no elenco do time alem\u00e3o para a pr\u00f3xima temporada.<\/p>\n<p>&#8220;A op\u00e7\u00e3o j\u00e1 expirou e n\u00e3o a executamos. Agora temos que concluir o planejamento do elenco para a pr\u00f3xima temporada e veremos se o jogador ainda pode ter um papel a desempenhar conosco ou n\u00e3o&#8221;, afirmou o dirigente em entrevista ao site da revista alem\u00e3 Der Spiegel.<\/p>\n<p>O Campeonato Alem\u00e3o foi retomado na semana passada, ap\u00f3s cerca de dois meses paralisado, mas Philippe Coutinho segue afastado dos gramados por estar em recupera\u00e7\u00e3o de uma cirurgia no tornozelo direito. At\u00e9 ent\u00e3o, o meia brasileiro, de 27 anos, havia entrado em campo 32 vezes pelo Bayern por diferentes competi\u00e7\u00f5es, com oito gols marcados.<\/p>\n<p>&nbsp;<\/p>\n<p><strong>Fonte: Terra<\/strong><\/p>\n<p>&nbsp;<\/p>\n","protected":false},"excerpt":{"rendered":"<p>O meia Philippe Coutinho dever\u00e1 deixar o Bayern de Munique ao fim da temporada 2019\/2020 do futebol europeu. Nesta sexta-feira, o clube revelou n\u00e3o ter exercido a op\u00e7\u00e3o de compra do jogador junto ao Barcelona, que emprestou o brasileiro ao time alem\u00e3o por um ano. Os direitos de Philippe Coutinho estavam fixados em 120 milh\u00f5es &hellip;<\/p>\n","protected":false},"author":1,"featured_media":6631,"comment_status":"open","ping_status":"open","sticky":false,"template":"","format":"standard","meta":{"_jetpack_newsletter_access":"","_jetpack_dont_email_post_to_subs":false,"_jetpack_newsletter_tier_id":0,"_jetpack_memberships_contains_paywalled_content":false,"_jetpack_memberships_contains_paid_content":false,"footnotes":""},"categories":[1],"tags":[],"class_list":["post-6630","post","type-post","status-publish","format-standard","has-post-thumbnail","hentry","category-destaque"],"jetpack_sharing_enabled":true,"jetpack_featured_media_url":"","_links":{"self":[{"href":"https:\/\/www.oparanews.com.br\/index.php\/wp-json\/wp\/v2\/posts\/6630","targetHints":{"allow":["GET"]}}],"collection":[{"href":"https:\/\/www.oparanews.com.br\/index.php\/wp-json\/wp\/v2\/posts"}],"about":[{"href":"https:\/\/www.oparanews.com.br\/index.php\/wp-json\/wp\/v2\/types\/post"}],"author":[{"embeddable":true,"href":"https:\/\/www.oparanews.com.br\/index.php\/wp-json\/wp\/v2\/users\/1"}],"replies":[{"embeddable":true,"href":"https:\/\/www.oparanews.com.br\/index.php\/wp-json\/wp\/v2\/comments?post=6630"}],"version-history":[{"count":0,"href":"https:\/\/www.oparanews.com.br\/index.php\/wp-json\/wp\/v2\/posts\/6630\/revisions"}],"wp:attachment":[{"href":"https:\/\/www.oparanews.com.br\/index.php\/wp-json\/wp\/v2\/media?parent=6630"}],"wp:term":[{"taxonomy":"category","embeddable":true,"href":"https:\/\/www.oparanews.com.br\/index.php\/wp-json\/wp\/v2\/categories?post=6630"},{"taxonomy":"post_tag","embeddable":true,"href":"https:\/\/www.oparanews.com.br\/index.php\/wp-json\/wp\/v2\/tags?post=6630"}],"curies":[{"name":"wp","href":"https:\/\/api.w.org\/{rel}","templated":true}]}}