{"id":6633,"date":"2020-05-23T12:41:06","date_gmt":"2020-05-23T12:41:06","guid":{"rendered":"https:\/\/oparanews.com.br\/?p=6633"},"modified":"2020-05-23T12:41:06","modified_gmt":"2020-05-23T12:41:06","slug":"gabriel-e-bruno-henrique-apoiam-decisao-do-flamengo","status":"publish","type":"post","link":"https:\/\/www.oparanews.com.br\/index.php\/2020\/05\/23\/gabriel-e-bruno-henrique-apoiam-decisao-do-flamengo\/","title":{"rendered":"Gabriel e Bruno Henrique apoiam decis\u00e3o do Flamengo"},"content":{"rendered":"<p>A decis\u00e3o do Flamengo de voltar aos treinamentos em campo nesta semana, contrariando as autoridades sanit\u00e1rias do Estado e do munic\u00edpio do Rio de Janeiro, recebeu o apoio dos jogadores do elenco principal. Na quinta-feira, todos assinaram uma nota oficial do clube que explicava o protocolo adotado pelos m\u00e9dicos para evitar o cont\u00e1gio e a dissemina\u00e7\u00e3o do novo coronav\u00edrus. Nesta sexta, de forma individual em suas redes sociais, os atacantes Gabriel e Bruno Henrique reafirmaram suas posi\u00e7\u00f5es.<\/p>\n<p>&#8220;Feliz em voltar fazer o que amo.. Obrigado @Flamengo por todos cuidados e responsabilidade nesse momento dif\u00edcil. Mas, tenho certeza que vamos superar isso juntos&#8221;, escreveu Gabriel em sua conta oficial no Twitter, acompanhado de uma foto durante treinamento no CT Ninho do Urubu.<\/p>\n<p>O mesmo fez Bruno Henrique, com duas imagens suas em uma atividade f\u00edsica no gramado. &#8220;Que alegria em poder voltar a fazer o que mais amo. Obs: Protegido e com muita responsabilidade, e o mais importante disso tudo, \u00e9 saber que eu e minha fam\u00edlia estamos sendo acompanhado todos os dias pelo o clube de regatas do @Flamengo juntamente com o departamento {&#8230;}&#8221;, afirmou o atacante.<\/p>\n<p>O elenco do Flamengo voltou aos treinos na \u00faltima segunda-feira, na mesma semana que o prefeito Marcelo Crivella estendeu o per\u00edodo de quarentena na cidade do Rio de Janeiro at\u00e9, pelo menos, a pr\u00f3xima segunda. O que significaria que os clubes n\u00e3o poderiam retomar as suas atividades externas, nos gramados, como o rubro-negro fez.<\/p>\n<p>Em reuni\u00e3o na quinta-feira, o chefe do departamento m\u00e9dico do Flamengo, M\u00e1rcio Tannure, explicou mais uma vez os protocolos de seguran\u00e7a e pr\u00f3ximos passos do clube no combate ao novo coronav\u00edrus. Recebeu verbalmente o apoio do t\u00e9cnico portugu\u00eas Jorge Jesus e de lideran\u00e7as do elenco, como aconteceu na nota oficial divulgada pela dire\u00e7\u00e3o e nos depoimentos de Gabriel e Bruno Henrique.<\/p>\n<p><strong>DIRIGENTES<\/strong><\/p>\n<p>Para a pr\u00f3xima semana, as autoridades buscam entendimento com os clubes. Crivella revelou nesta sexta-feira que se reunir\u00e1 com presidentes dos times da cidade neste domingo. &#8220;Os clubes que puderem obedecer isso, ent\u00e3o a partir do dia 25 poder\u00e3o. Ela \u00e9 rigorosa, nesse domingo tenho uma reuni\u00e3o com presidentes de clubes. Mas fa\u00e7o um apelo para que as medidas sejam obedecidas porque se os clubes que amamos n\u00e3o respeitam, as pessoas em casa tamb\u00e9m ficam desestimuladas&#8221;, explicou o prefeito em uma entrevista coletiva quando perguntado sobre o plano que ser\u00e1 apresentado na reuni\u00e3o. &#8220;Tem que ser uma coisa combinada, estudada, observada pelos nossos t\u00e9cnicos&#8221;, acrescentou.<\/p>\n<p>A decis\u00e3o de Crivella vem um dia depois de uma conversa com o presidente Jair Bolsonaro sobre a volta do futebol no Brasil. Tamb\u00e9m nessa semana, Bolsonaro recebeu os mandat\u00e1rios Rodolfo Landim, do Flamengo, e Alexandre Campello, do Vasco. Na pauta do encontro, discutiu com a dupla as medidas para assegurar que a retomada mais r\u00e1pida poss\u00edvel das competi\u00e7\u00f5es, mesmo em meio \u00e0 pandemia da covid-19.<\/p>\n<p><strong>Fonte: Terra<\/strong><\/p>\n<p>&nbsp;<\/p>\n","protected":false},"excerpt":{"rendered":"<p>A decis\u00e3o do Flamengo de voltar aos treinamentos em campo nesta semana, contrariando as autoridades sanit\u00e1rias do Estado e do munic\u00edpio do Rio de Janeiro, recebeu o apoio dos jogadores do elenco principal. Na quinta-feira, todos assinaram uma nota oficial do clube que explicava o protocolo adotado pelos m\u00e9dicos para evitar o cont\u00e1gio e a &hellip;<\/p>\n","protected":false},"author":1,"featured_media":6634,"comment_status":"open","ping_status":"open","sticky":false,"template":"","format":"standard","meta":{"_jetpack_newsletter_access":"","_jetpack_dont_email_post_to_subs":false,"_jetpack_newsletter_tier_id":0,"_jetpack_memberships_contains_paywalled_content":false,"_jetpack_memberships_contains_paid_content":false,"footnotes":""},"categories":[1],"tags":[],"class_list":["post-6633","post","type-post","status-publish","format-standard","has-post-thumbnail","hentry","category-destaque"],"jetpack_sharing_enabled":true,"jetpack_featured_media_url":"","_links":{"self":[{"href":"https:\/\/www.oparanews.com.br\/index.php\/wp-json\/wp\/v2\/posts\/6633","targetHints":{"allow":["GET"]}}],"collection":[{"href":"https:\/\/www.oparanews.com.br\/index.php\/wp-json\/wp\/v2\/posts"}],"about":[{"href":"https:\/\/www.oparanews.com.br\/index.php\/wp-json\/wp\/v2\/types\/post"}],"author":[{"embeddable":true,"href":"https:\/\/www.oparanews.com.br\/index.php\/wp-json\/wp\/v2\/users\/1"}],"replies":[{"embeddable":true,"href":"https:\/\/www.oparanews.com.br\/index.php\/wp-json\/wp\/v2\/comments?post=6633"}],"version-history":[{"count":0,"href":"https:\/\/www.oparanews.com.br\/index.php\/wp-json\/wp\/v2\/posts\/6633\/revisions"}],"wp:attachment":[{"href":"https:\/\/www.oparanews.com.br\/index.php\/wp-json\/wp\/v2\/media?parent=6633"}],"wp:term":[{"taxonomy":"category","embeddable":true,"href":"https:\/\/www.oparanews.com.br\/index.php\/wp-json\/wp\/v2\/categories?post=6633"},{"taxonomy":"post_tag","embeddable":true,"href":"https:\/\/www.oparanews.com.br\/index.php\/wp-json\/wp\/v2\/tags?post=6633"}],"curies":[{"name":"wp","href":"https:\/\/api.w.org\/{rel}","templated":true}]}}