{"id":6636,"date":"2020-05-23T12:46:11","date_gmt":"2020-05-23T12:46:11","guid":{"rendered":"https:\/\/oparanews.com.br\/?p=6636"},"modified":"2020-05-23T12:46:11","modified_gmt":"2020-05-23T12:46:11","slug":"seu-jorge-fala-sobre-live-com-alexandre-pires","status":"publish","type":"post","link":"https:\/\/www.oparanews.com.br\/index.php\/2020\/05\/23\/seu-jorge-fala-sobre-live-com-alexandre-pires\/","title":{"rendered":"Seu Jorge fala sobre live com Alexandre Pires"},"content":{"rendered":"<p>Seu Jorge far\u00e1 uma live que promete bastante repercuss\u00e3o. O cantor estar\u00e1 ao lado de Alexandre Pires em uma transmiss\u00e3o no dia 31 de maio, no pr\u00f3ximo domingo, \u00e0s 14h (hor\u00e1rio de Bras\u00edlia), no YouTube.<\/p>\n<p>Em entrevista ao colunista Leo Dias, Seu Jorge destacou a oportunidade de fazer a live ao lado de Alexandre Pires. Ele acredita que os dois poder\u00e3o apresentar um novo tipo de som para os f\u00e3s.<\/p>\n<p>\u201cA possibilidade de fazer um som diferente, por exemplo. H\u00e1 coisas de que as pessoas n\u00e3o t\u00eam ideia. O Alexandre \u00e9 um ex\u00edmio instrumentista. Como ele \u00e9 um grande cantor tamb\u00e9m, as pessoas poder\u00e3o v\u00ea-lo tocando outros instrumentos. Ent\u00e3o, tem um lado musical nele que muito me interessa\u201d, comentou o cantor, que afirmou como surgiu a ideia da parceria.<\/p>\n<p>\u201cEle (Alexandre) colocou isso, e n\u00e3o tive como n\u00e3o achar positivo. Quando ele falou: \u2018Vamos fazer uma live a gente? Eu e voc\u00ea?\u2019, falei: \u2018Meu irm\u00e3o, para amanh\u00e3!\u2019. [Essa parceria] \u00c9 um projeto que quero fazer h\u00e1 muito tempo, e o Alexandre \u00e9 perfeito. Estou botando essa pilha nele. A gente est\u00e1 no embrion\u00e1rio, \u00e9 cedo para falar sobre isso, mas tenho um neg\u00f3cio para fazer com o Alexandre e a gente vai se divertir bastante. Disso eu sei. A gente est\u00e1 atr\u00e1s de m\u00fasica da beleza, a gente est\u00e1 a fim de fazer coisas que s\u00e3o belas, que sejam sensoriais, que remetam a um cheiro, a uma \u00e9poca\u201d, explicou Seu Jorge.<\/p>\n<p>&nbsp;<\/p>\n<p><strong>Fonte: Famosidade<\/strong><\/p>\n<p>&nbsp;<\/p>\n","protected":false},"excerpt":{"rendered":"<p>Seu Jorge far\u00e1 uma live que promete bastante repercuss\u00e3o. O cantor estar\u00e1 ao lado de Alexandre Pires em uma transmiss\u00e3o no dia 31 de maio, no pr\u00f3ximo domingo, \u00e0s 14h (hor\u00e1rio de Bras\u00edlia), no YouTube. Em entrevista ao colunista Leo Dias, Seu Jorge destacou a oportunidade de fazer a live ao lado de Alexandre Pires. &hellip;<\/p>\n","protected":false},"author":1,"featured_media":6637,"comment_status":"open","ping_status":"open","sticky":false,"template":"","format":"standard","meta":{"_jetpack_newsletter_access":"","_jetpack_dont_email_post_to_subs":false,"_jetpack_newsletter_tier_id":0,"_jetpack_memberships_contains_paywalled_content":false,"_jetpack_memberships_contains_paid_content":false,"footnotes":""},"categories":[1],"tags":[],"class_list":["post-6636","post","type-post","status-publish","format-standard","has-post-thumbnail","hentry","category-destaque"],"jetpack_sharing_enabled":true,"jetpack_featured_media_url":"","_links":{"self":[{"href":"https:\/\/www.oparanews.com.br\/index.php\/wp-json\/wp\/v2\/posts\/6636","targetHints":{"allow":["GET"]}}],"collection":[{"href":"https:\/\/www.oparanews.com.br\/index.php\/wp-json\/wp\/v2\/posts"}],"about":[{"href":"https:\/\/www.oparanews.com.br\/index.php\/wp-json\/wp\/v2\/types\/post"}],"author":[{"embeddable":true,"href":"https:\/\/www.oparanews.com.br\/index.php\/wp-json\/wp\/v2\/users\/1"}],"replies":[{"embeddable":true,"href":"https:\/\/www.oparanews.com.br\/index.php\/wp-json\/wp\/v2\/comments?post=6636"}],"version-history":[{"count":0,"href":"https:\/\/www.oparanews.com.br\/index.php\/wp-json\/wp\/v2\/posts\/6636\/revisions"}],"wp:attachment":[{"href":"https:\/\/www.oparanews.com.br\/index.php\/wp-json\/wp\/v2\/media?parent=6636"}],"wp:term":[{"taxonomy":"category","embeddable":true,"href":"https:\/\/www.oparanews.com.br\/index.php\/wp-json\/wp\/v2\/categories?post=6636"},{"taxonomy":"post_tag","embeddable":true,"href":"https:\/\/www.oparanews.com.br\/index.php\/wp-json\/wp\/v2\/tags?post=6636"}],"curies":[{"name":"wp","href":"https:\/\/api.w.org\/{rel}","templated":true}]}}