{"id":6639,"date":"2020-05-23T12:53:47","date_gmt":"2020-05-23T12:53:47","guid":{"rendered":"https:\/\/oparanews.com.br\/?p=6639"},"modified":"2020-05-23T12:53:47","modified_gmt":"2020-05-23T12:53:47","slug":"fina-estampa-rene-da-beijao-de-cinema-em-griselda","status":"publish","type":"post","link":"https:\/\/www.oparanews.com.br\/index.php\/2020\/05\/23\/fina-estampa-rene-da-beijao-de-cinema-em-griselda\/","title":{"rendered":"Fina Estampa: Ren\u00ea d\u00e1 beij\u00e3o de cinema em Griselda"},"content":{"rendered":"<p>Vai rolar um clima de romance entre Ren\u00ea (Dalton Vigh) e Griselda (Lilia Cabral) nos pr\u00f3ximos cap\u00edtulos de Fina Estampa. Insatisfeito com o seu casamento, o chef vai at\u00e9 \u00e0 casa da nova milion\u00e1ria, com o intuito de desabafar sobre a rela\u00e7\u00e3o.<\/p>\n<p>Por\u00e9m, conversa vai, conversa vem&#8230; O pai de Patr\u00edcia (Adriana Birolli) tasca um beija\u00e7o na m\u00e3e de Antenor (Caio Castro), externando ali um sentimento que estava encubado por ambos.<\/p>\n<p>Para o azar dos dois, \u00cdris (Eva Wilma) fotografa o momento de intimidade e tenta chantagear o gal\u00e3 da gastronomia. N\u00e3o d\u00e1 certo. Ele n\u00e3o cede \u00e0s exig\u00eancias de extors\u00e3o da tia pilantra da esposa, e a escorra\u00e7a de seu renomado restaurante.<\/p>\n<p>Irritada com tal situa\u00e7\u00e3o humilhante, a idosa mostra a imagem \u00e0 sua sobrinha que enlouquece ao descobrir a trai\u00e7\u00e3o do amado. Irada, Tereza Cristina (Chistiane Torloni) vai at\u00e9 o Le Velmont, demite os funcion\u00e1rios, fecha o estabelecimento e bota pra correr o cunhado de Paulo (Dan Stubach).<\/p>\n<p>&nbsp;<\/p>\n<p><strong>Fonte: O Fuxico<\/strong><\/p>\n<p>&nbsp;<\/p>\n","protected":false},"excerpt":{"rendered":"<p>Vai rolar um clima de romance entre Ren\u00ea (Dalton Vigh) e Griselda (Lilia Cabral) nos pr\u00f3ximos cap\u00edtulos de Fina Estampa. Insatisfeito com o seu casamento, o chef vai at\u00e9 \u00e0 casa da nova milion\u00e1ria, com o intuito de desabafar sobre a rela\u00e7\u00e3o. Por\u00e9m, conversa vai, conversa vem&#8230; O pai de Patr\u00edcia (Adriana Birolli) tasca um &hellip;<\/p>\n","protected":false},"author":1,"featured_media":6640,"comment_status":"open","ping_status":"open","sticky":false,"template":"","format":"standard","meta":{"_jetpack_newsletter_access":"","_jetpack_dont_email_post_to_subs":false,"_jetpack_newsletter_tier_id":0,"_jetpack_memberships_contains_paywalled_content":false,"_jetpack_memberships_contains_paid_content":false,"footnotes":""},"categories":[1],"tags":[],"class_list":["post-6639","post","type-post","status-publish","format-standard","has-post-thumbnail","hentry","category-destaque"],"jetpack_sharing_enabled":true,"jetpack_featured_media_url":"","_links":{"self":[{"href":"https:\/\/www.oparanews.com.br\/index.php\/wp-json\/wp\/v2\/posts\/6639","targetHints":{"allow":["GET"]}}],"collection":[{"href":"https:\/\/www.oparanews.com.br\/index.php\/wp-json\/wp\/v2\/posts"}],"about":[{"href":"https:\/\/www.oparanews.com.br\/index.php\/wp-json\/wp\/v2\/types\/post"}],"author":[{"embeddable":true,"href":"https:\/\/www.oparanews.com.br\/index.php\/wp-json\/wp\/v2\/users\/1"}],"replies":[{"embeddable":true,"href":"https:\/\/www.oparanews.com.br\/index.php\/wp-json\/wp\/v2\/comments?post=6639"}],"version-history":[{"count":0,"href":"https:\/\/www.oparanews.com.br\/index.php\/wp-json\/wp\/v2\/posts\/6639\/revisions"}],"wp:attachment":[{"href":"https:\/\/www.oparanews.com.br\/index.php\/wp-json\/wp\/v2\/media?parent=6639"}],"wp:term":[{"taxonomy":"category","embeddable":true,"href":"https:\/\/www.oparanews.com.br\/index.php\/wp-json\/wp\/v2\/categories?post=6639"},{"taxonomy":"post_tag","embeddable":true,"href":"https:\/\/www.oparanews.com.br\/index.php\/wp-json\/wp\/v2\/tags?post=6639"}],"curies":[{"name":"wp","href":"https:\/\/api.w.org\/{rel}","templated":true}]}}