{"id":6653,"date":"2020-05-24T21:47:44","date_gmt":"2020-05-24T21:47:44","guid":{"rendered":"https:\/\/oparanews.com.br\/?p=6653"},"modified":"2020-05-24T21:47:44","modified_gmt":"2020-05-24T21:47:44","slug":"caminhao-com-carga-de-cerveja-tomba-na-br-101-em-flexeiras","status":"publish","type":"post","link":"https:\/\/www.oparanews.com.br\/index.php\/2020\/05\/24\/caminhao-com-carga-de-cerveja-tomba-na-br-101-em-flexeiras\/","title":{"rendered":"Caminh\u00e3o com carga de cerveja tomba na BR-101, em Flexeiras"},"content":{"rendered":"<p>Uma carreta com carga de cerveja tombou na noite desse s\u00e1bado (24) na BR-101, na Zona Rural de Flexeiras, pr\u00f3ximo a entrada da cidade. De acordo com o Corpo de Bombeiros, ningu\u00e9m se feriu.<\/p>\n<p>A Pol\u00edcia Rodovi\u00e1ria Federal (PRF) solicitou apoio dos bombeiros para varrer e lavar a pista.<\/p>\n<p>A ocorr\u00eancia foi atendida pela equipe dos bombeiros do posto de Joaquim Gomes.<\/p>\n<p>&nbsp;<\/p>\n<p><strong>Fonte: G1\/AL<\/strong><\/p>\n<p>&nbsp;<\/p>\n","protected":false},"excerpt":{"rendered":"<p>Uma carreta com carga de cerveja tombou na noite desse s\u00e1bado (24) na BR-101, na Zona Rural de Flexeiras, pr\u00f3ximo a entrada da cidade. De acordo com o Corpo de Bombeiros, ningu\u00e9m se feriu. A Pol\u00edcia Rodovi\u00e1ria Federal (PRF) solicitou apoio dos bombeiros para varrer e lavar a pista. A ocorr\u00eancia foi atendida pela equipe &hellip;<\/p>\n","protected":false},"author":1,"featured_media":6654,"comment_status":"open","ping_status":"open","sticky":false,"template":"","format":"standard","meta":{"_jetpack_newsletter_access":"","_jetpack_dont_email_post_to_subs":false,"_jetpack_newsletter_tier_id":0,"_jetpack_memberships_contains_paywalled_content":false,"_jetpack_memberships_contains_paid_content":false,"footnotes":""},"categories":[1],"tags":[],"class_list":["post-6653","post","type-post","status-publish","format-standard","has-post-thumbnail","hentry","category-destaque"],"jetpack_sharing_enabled":true,"jetpack_featured_media_url":"","_links":{"self":[{"href":"https:\/\/www.oparanews.com.br\/index.php\/wp-json\/wp\/v2\/posts\/6653","targetHints":{"allow":["GET"]}}],"collection":[{"href":"https:\/\/www.oparanews.com.br\/index.php\/wp-json\/wp\/v2\/posts"}],"about":[{"href":"https:\/\/www.oparanews.com.br\/index.php\/wp-json\/wp\/v2\/types\/post"}],"author":[{"embeddable":true,"href":"https:\/\/www.oparanews.com.br\/index.php\/wp-json\/wp\/v2\/users\/1"}],"replies":[{"embeddable":true,"href":"https:\/\/www.oparanews.com.br\/index.php\/wp-json\/wp\/v2\/comments?post=6653"}],"version-history":[{"count":0,"href":"https:\/\/www.oparanews.com.br\/index.php\/wp-json\/wp\/v2\/posts\/6653\/revisions"}],"wp:attachment":[{"href":"https:\/\/www.oparanews.com.br\/index.php\/wp-json\/wp\/v2\/media?parent=6653"}],"wp:term":[{"taxonomy":"category","embeddable":true,"href":"https:\/\/www.oparanews.com.br\/index.php\/wp-json\/wp\/v2\/categories?post=6653"},{"taxonomy":"post_tag","embeddable":true,"href":"https:\/\/www.oparanews.com.br\/index.php\/wp-json\/wp\/v2\/tags?post=6653"}],"curies":[{"name":"wp","href":"https:\/\/api.w.org\/{rel}","templated":true}]}}