{"id":6659,"date":"2020-05-24T21:59:05","date_gmt":"2020-05-24T21:59:05","guid":{"rendered":"https:\/\/oparanews.com.br\/?p=6659"},"modified":"2020-05-24T21:59:05","modified_gmt":"2020-05-24T21:59:05","slug":"fieis-voltam-ao-vaticano-para-bencao-dominical","status":"publish","type":"post","link":"https:\/\/www.oparanews.com.br\/index.php\/2020\/05\/24\/fieis-voltam-ao-vaticano-para-bencao-dominical\/","title":{"rendered":"Fi\u00e9is voltam ao Vaticano para b\u00ean\u00e7\u00e3o dominical"},"content":{"rendered":"<p>Ap\u00f3s meses de restri\u00e7\u00f5es devido \u00e0 pandemia, fi\u00e9is voltaram a se reunir pela primeira vez neste domingo (24) na Pra\u00e7a de S\u00e3o Pedro, no Vaticano, para receber a tradicional b\u00ean\u00e7\u00e3o dominical do Papa Francisco.<\/p>\n<p>Foi a primeira vez desde 10 de mar\u00e7o que a presen\u00e7a de fi\u00e9is foi permitida no local. At\u00e9 mesmo as celebra\u00e7\u00f5es da Semana Santa foram realizadas com a pra\u00e7a vazia.<\/p>\n<p>Assim como a It\u00e1lia, o Vaticano tamb\u00e9m come\u00e7ou a promover a reabertura gradual. Pelas fotos, \u00e9 poss\u00edvel ver que o n\u00famero de pessoas foi controlado para evitar aglomera\u00e7\u00e3o.<\/p>\n<p>Os museus italianos come\u00e7aram a reabrir em 18 de maio, como parte de uma redu\u00e7\u00e3o gradual das medidas de bloqueio no pa\u00eds, onde quase 33 mil pessoas morreram devido ao coronav\u00edrus.<\/p>\n<p>A pandemia diminuiu drasticamente o fluxo de fundos para os cofres do Vaticano. Os museus receberam cerca de 7 milh\u00f5es de visitantes no ano passado e s\u00e3o a principal fonte de renda da Santa S\u00e9, gerando anteriormente US $ 100 milh\u00f5es anuais.<\/p>\n<p>Mesmo ap\u00f3s a reabertura, as autoridades temem que medidas de seguran\u00e7a aprimoradas, requisitos de distanciamento social, novos regulamentos de sa\u00fade e uma escassez esperada de turistas internacionais corroam as vendas de ingressos e souvenir.<\/p>\n<p>&nbsp;<\/p>\n<p><strong>Fonte: G1<\/strong><\/p>\n<p>&nbsp;<\/p>\n","protected":false},"excerpt":{"rendered":"<p>Ap\u00f3s meses de restri\u00e7\u00f5es devido \u00e0 pandemia, fi\u00e9is voltaram a se reunir pela primeira vez neste domingo (24) na Pra\u00e7a de S\u00e3o Pedro, no Vaticano, para receber a tradicional b\u00ean\u00e7\u00e3o dominical do Papa Francisco. Foi a primeira vez desde 10 de mar\u00e7o que a presen\u00e7a de fi\u00e9is foi permitida no local. At\u00e9 mesmo as celebra\u00e7\u00f5es &hellip;<\/p>\n","protected":false},"author":1,"featured_media":6660,"comment_status":"open","ping_status":"open","sticky":false,"template":"","format":"standard","meta":{"_jetpack_newsletter_access":"","_jetpack_dont_email_post_to_subs":false,"_jetpack_newsletter_tier_id":0,"_jetpack_memberships_contains_paywalled_content":false,"_jetpack_memberships_contains_paid_content":false,"footnotes":""},"categories":[1],"tags":[],"class_list":["post-6659","post","type-post","status-publish","format-standard","has-post-thumbnail","hentry","category-destaque"],"jetpack_sharing_enabled":true,"jetpack_featured_media_url":"","_links":{"self":[{"href":"https:\/\/www.oparanews.com.br\/index.php\/wp-json\/wp\/v2\/posts\/6659","targetHints":{"allow":["GET"]}}],"collection":[{"href":"https:\/\/www.oparanews.com.br\/index.php\/wp-json\/wp\/v2\/posts"}],"about":[{"href":"https:\/\/www.oparanews.com.br\/index.php\/wp-json\/wp\/v2\/types\/post"}],"author":[{"embeddable":true,"href":"https:\/\/www.oparanews.com.br\/index.php\/wp-json\/wp\/v2\/users\/1"}],"replies":[{"embeddable":true,"href":"https:\/\/www.oparanews.com.br\/index.php\/wp-json\/wp\/v2\/comments?post=6659"}],"version-history":[{"count":0,"href":"https:\/\/www.oparanews.com.br\/index.php\/wp-json\/wp\/v2\/posts\/6659\/revisions"}],"wp:attachment":[{"href":"https:\/\/www.oparanews.com.br\/index.php\/wp-json\/wp\/v2\/media?parent=6659"}],"wp:term":[{"taxonomy":"category","embeddable":true,"href":"https:\/\/www.oparanews.com.br\/index.php\/wp-json\/wp\/v2\/categories?post=6659"},{"taxonomy":"post_tag","embeddable":true,"href":"https:\/\/www.oparanews.com.br\/index.php\/wp-json\/wp\/v2\/tags?post=6659"}],"curies":[{"name":"wp","href":"https:\/\/api.w.org\/{rel}","templated":true}]}}