{"id":6668,"date":"2020-05-24T22:07:51","date_gmt":"2020-05-24T22:07:51","guid":{"rendered":"https:\/\/oparanews.com.br\/?p=6668"},"modified":"2020-05-24T22:07:51","modified_gmt":"2020-05-24T22:07:51","slug":"internado-toffoli-apresenta-sintomas-de-covid-19","status":"publish","type":"post","link":"https:\/\/www.oparanews.com.br\/index.php\/2020\/05\/24\/internado-toffoli-apresenta-sintomas-de-covid-19\/","title":{"rendered":"Internado, Toffoli apresenta sintomas de covid-19"},"content":{"rendered":"<p>O presidente do Supremo Tribunal Federal (STF), ministro Dias Toffoli, foi hospitalizado no s\u00e1bado para drenagem de um pequeno abscesso, procedimento que transcorreu bem, afirmou a corte em comunicado neste domingo, acrescentando ainda que ele apresentou sinais respirat\u00f3rios que sugeriram infec\u00e7\u00e3o por covid-19.<\/p>\n<p>De acordo com o secret\u00e1rio de Sa\u00fade do STF, Marco Polo Dias Freitas, Toffoli deve permanecer internado para monitoramento. &#8220;No momento, o ministro est\u00e1 bem e respira normalmente, sem ajuda de aparelhos&#8221;, afirmou, citando que o ministro foi submetido a teste diagn\u00f3stico para o novo coronav\u00edrus na \u00faltima quarta-feira, que teve resultado negativo.<\/p>\n<p>Como n\u00e3o h\u00e1 confirma\u00e7\u00e3o de o ministro Dias Toffoli ter contra\u00eddo o coronav\u00edrus, ficar\u00e1 de licen\u00e7a m\u00e9dica por 7 dias, podendo ser ampliada dependendo do resultado dos exames, informou a assessoria do ministro Luiz Fux.<\/p>\n<p>&#8220;Nesse per\u00edodo assumir\u00e1 a Presid\u00eancia (do STF) o ministro Luiz Fux&#8221;, acrescentou a assessoria de Fux.<\/p>\n<p>&nbsp;<\/p>\n<p><strong>Fonte: Terra<\/strong><\/p>\n<p>&nbsp;<\/p>\n","protected":false},"excerpt":{"rendered":"<p>O presidente do Supremo Tribunal Federal (STF), ministro Dias Toffoli, foi hospitalizado no s\u00e1bado para drenagem de um pequeno abscesso, procedimento que transcorreu bem, afirmou a corte em comunicado neste domingo, acrescentando ainda que ele apresentou sinais respirat\u00f3rios que sugeriram infec\u00e7\u00e3o por covid-19. De acordo com o secret\u00e1rio de Sa\u00fade do STF, Marco Polo Dias &hellip;<\/p>\n","protected":false},"author":1,"featured_media":6669,"comment_status":"open","ping_status":"open","sticky":false,"template":"","format":"standard","meta":{"_jetpack_newsletter_access":"","_jetpack_dont_email_post_to_subs":false,"_jetpack_newsletter_tier_id":0,"_jetpack_memberships_contains_paywalled_content":false,"_jetpack_memberships_contains_paid_content":false,"footnotes":""},"categories":[1],"tags":[],"class_list":["post-6668","post","type-post","status-publish","format-standard","has-post-thumbnail","hentry","category-destaque"],"jetpack_sharing_enabled":true,"jetpack_featured_media_url":"","_links":{"self":[{"href":"https:\/\/www.oparanews.com.br\/index.php\/wp-json\/wp\/v2\/posts\/6668","targetHints":{"allow":["GET"]}}],"collection":[{"href":"https:\/\/www.oparanews.com.br\/index.php\/wp-json\/wp\/v2\/posts"}],"about":[{"href":"https:\/\/www.oparanews.com.br\/index.php\/wp-json\/wp\/v2\/types\/post"}],"author":[{"embeddable":true,"href":"https:\/\/www.oparanews.com.br\/index.php\/wp-json\/wp\/v2\/users\/1"}],"replies":[{"embeddable":true,"href":"https:\/\/www.oparanews.com.br\/index.php\/wp-json\/wp\/v2\/comments?post=6668"}],"version-history":[{"count":0,"href":"https:\/\/www.oparanews.com.br\/index.php\/wp-json\/wp\/v2\/posts\/6668\/revisions"}],"wp:attachment":[{"href":"https:\/\/www.oparanews.com.br\/index.php\/wp-json\/wp\/v2\/media?parent=6668"}],"wp:term":[{"taxonomy":"category","embeddable":true,"href":"https:\/\/www.oparanews.com.br\/index.php\/wp-json\/wp\/v2\/categories?post=6668"},{"taxonomy":"post_tag","embeddable":true,"href":"https:\/\/www.oparanews.com.br\/index.php\/wp-json\/wp\/v2\/tags?post=6668"}],"curies":[{"name":"wp","href":"https:\/\/api.w.org\/{rel}","templated":true}]}}