{"id":6674,"date":"2020-05-24T22:14:11","date_gmt":"2020-05-24T22:14:11","guid":{"rendered":"https:\/\/oparanews.com.br\/?p=6674"},"modified":"2020-05-24T22:14:11","modified_gmt":"2020-05-24T22:14:11","slug":"dom-valerio-passa-a-respirar-por-ventilacao-mecanica-na-uti","status":"publish","type":"post","link":"https:\/\/www.oparanews.com.br\/index.php\/2020\/05\/24\/dom-valerio-passa-a-respirar-por-ventilacao-mecanica-na-uti\/","title":{"rendered":"Dom Val\u00e9rio passa a respirar por ventila\u00e7\u00e3o mec\u00e2nica na UTI"},"content":{"rendered":"<p>A nota divulgada neste domingo (24) pela Diocese de Penedo informa que o Bispo Dom Val\u00e9rio Breda teve uma piora no quadro de sa\u00fade e precisou de ventila\u00e7\u00e3o mec\u00e2nica para respirar. Dom Val\u00e9rio est\u00e1 internado na Unidade de Terapia Intensiva (UTI) neurol\u00f3gica do Hospital Arthur Ramos, em Macei\u00f3, desde o dia 15 de abril.<\/p>\n<p>Na nota, o Vig\u00e1rio Geral, Pe. Daniel Nascimento, pede que todos continuem orando para a recupera\u00e7\u00e3o da sa\u00fade do bispo.<\/p>\n<p>Na nota anterior da Diocese de Penedo, divulgada na quarta-feira(13), da semana passada, as informa\u00e7\u00f5es apontavam um estado est\u00e1vel no quadro de sa\u00fade do bispo.<\/p>\n<p>A nota afirmava que o quadro pulmonar estava praticamente recuperado e a fun\u00e7\u00e3o renal com evolu\u00e7\u00e3o satisfat\u00f3ria.<\/p>\n<p><strong>Entenda o caso<\/strong><\/p>\n<p>No dia 15 de abril o religioso foi encontrado desacordado na casa paroquial onde mora, em Penedo, com suspeita de Acidente Vascular Cerebral (AV) .<\/p>\n<p>Ele foi socorrido at\u00e9 a Santa Casa de Miseric\u00f3rdia do munic\u00edpio mas devido a falta de estrutura para realizar exames mais espec\u00edficos foi transferido de helic\u00f3ptero para o hospital Arthur Ramos.<\/p>\n<p>&nbsp;<\/p>\n<p><strong>Fonte: 7 Segundos<\/strong><\/p>\n<p>&nbsp;<\/p>\n","protected":false},"excerpt":{"rendered":"<p>A nota divulgada neste domingo (24) pela Diocese de Penedo informa que o Bispo Dom Val\u00e9rio Breda teve uma piora no quadro de sa\u00fade e precisou de ventila\u00e7\u00e3o mec\u00e2nica para respirar. Dom Val\u00e9rio est\u00e1 internado na Unidade de Terapia Intensiva (UTI) neurol\u00f3gica do Hospital Arthur Ramos, em Macei\u00f3, desde o dia 15 de abril. Na &hellip;<\/p>\n","protected":false},"author":1,"featured_media":6675,"comment_status":"open","ping_status":"open","sticky":false,"template":"","format":"standard","meta":{"_jetpack_newsletter_access":"","_jetpack_dont_email_post_to_subs":false,"_jetpack_newsletter_tier_id":0,"_jetpack_memberships_contains_paywalled_content":false,"_jetpack_memberships_contains_paid_content":false,"footnotes":""},"categories":[1],"tags":[],"class_list":["post-6674","post","type-post","status-publish","format-standard","has-post-thumbnail","hentry","category-destaque"],"jetpack_sharing_enabled":true,"jetpack_featured_media_url":"","_links":{"self":[{"href":"https:\/\/www.oparanews.com.br\/index.php\/wp-json\/wp\/v2\/posts\/6674","targetHints":{"allow":["GET"]}}],"collection":[{"href":"https:\/\/www.oparanews.com.br\/index.php\/wp-json\/wp\/v2\/posts"}],"about":[{"href":"https:\/\/www.oparanews.com.br\/index.php\/wp-json\/wp\/v2\/types\/post"}],"author":[{"embeddable":true,"href":"https:\/\/www.oparanews.com.br\/index.php\/wp-json\/wp\/v2\/users\/1"}],"replies":[{"embeddable":true,"href":"https:\/\/www.oparanews.com.br\/index.php\/wp-json\/wp\/v2\/comments?post=6674"}],"version-history":[{"count":0,"href":"https:\/\/www.oparanews.com.br\/index.php\/wp-json\/wp\/v2\/posts\/6674\/revisions"}],"wp:attachment":[{"href":"https:\/\/www.oparanews.com.br\/index.php\/wp-json\/wp\/v2\/media?parent=6674"}],"wp:term":[{"taxonomy":"category","embeddable":true,"href":"https:\/\/www.oparanews.com.br\/index.php\/wp-json\/wp\/v2\/categories?post=6674"},{"taxonomy":"post_tag","embeddable":true,"href":"https:\/\/www.oparanews.com.br\/index.php\/wp-json\/wp\/v2\/tags?post=6674"}],"curies":[{"name":"wp","href":"https:\/\/api.w.org\/{rel}","templated":true}]}}