{"id":6686,"date":"2020-05-25T19:18:21","date_gmt":"2020-05-25T19:18:21","guid":{"rendered":"https:\/\/oparanews.com.br\/?p=6686"},"modified":"2020-05-25T19:18:21","modified_gmt":"2020-05-25T19:18:21","slug":"vadao-ex-tecnico-da-selecao-feminina-morre-vitima-de-cancer","status":"publish","type":"post","link":"https:\/\/www.oparanews.com.br\/index.php\/2020\/05\/25\/vadao-ex-tecnico-da-selecao-feminina-morre-vitima-de-cancer\/","title":{"rendered":"Vad\u00e3o, ex-t\u00e9cnico da sele\u00e7\u00e3o feminina, morre v\u00edtima de c\u00e2ncer"},"content":{"rendered":"<p>Morreu no in\u00edcio da tarde desta segunda-feira Oswaldo Alvarez, o Vad\u00e3o, ex-t\u00e9cnico da sele\u00e7\u00e3o brasileira feminina de futebol e com passagens por S\u00e3o Paulo, Corinthians, Guarani, Ponte Preta, entre outros.<\/p>\n<p>Aos 63 anos, ele lutava contra um c\u00e2ncer no f\u00edgado e estava internado no Hospital Albert Einstein, em S\u00e3o Paulo, desde a semana retrasada. A assessoria de imprensa do hospital confirmou o falecimento \u00e0 reportagem do GloboEsporte.com.<\/p>\n<p>Vad\u00e3o lutava contra a doen\u00e7a desde o in\u00edcio de 2020, quando passou por sess\u00f5es de quimioterapia e chegou a apresentar evolu\u00e7\u00e3o, mas o quadro se agravou recentemente.<\/p>\n<p><strong>Fonte: Globoesporte<\/strong><\/p>\n<p>&nbsp;<\/p>\n","protected":false},"excerpt":{"rendered":"<p>Morreu no in\u00edcio da tarde desta segunda-feira Oswaldo Alvarez, o Vad\u00e3o, ex-t\u00e9cnico da sele\u00e7\u00e3o brasileira feminina de futebol e com passagens por S\u00e3o Paulo, Corinthians, Guarani, Ponte Preta, entre outros. Aos 63 anos, ele lutava contra um c\u00e2ncer no f\u00edgado e estava internado no Hospital Albert Einstein, em S\u00e3o Paulo, desde a semana retrasada. A &hellip;<\/p>\n","protected":false},"author":1,"featured_media":6687,"comment_status":"open","ping_status":"open","sticky":false,"template":"","format":"standard","meta":{"_jetpack_newsletter_access":"","_jetpack_dont_email_post_to_subs":false,"_jetpack_newsletter_tier_id":0,"_jetpack_memberships_contains_paywalled_content":false,"_jetpack_memberships_contains_paid_content":false,"footnotes":""},"categories":[1],"tags":[],"class_list":["post-6686","post","type-post","status-publish","format-standard","has-post-thumbnail","hentry","category-destaque"],"jetpack_sharing_enabled":true,"jetpack_featured_media_url":"","_links":{"self":[{"href":"https:\/\/www.oparanews.com.br\/index.php\/wp-json\/wp\/v2\/posts\/6686","targetHints":{"allow":["GET"]}}],"collection":[{"href":"https:\/\/www.oparanews.com.br\/index.php\/wp-json\/wp\/v2\/posts"}],"about":[{"href":"https:\/\/www.oparanews.com.br\/index.php\/wp-json\/wp\/v2\/types\/post"}],"author":[{"embeddable":true,"href":"https:\/\/www.oparanews.com.br\/index.php\/wp-json\/wp\/v2\/users\/1"}],"replies":[{"embeddable":true,"href":"https:\/\/www.oparanews.com.br\/index.php\/wp-json\/wp\/v2\/comments?post=6686"}],"version-history":[{"count":0,"href":"https:\/\/www.oparanews.com.br\/index.php\/wp-json\/wp\/v2\/posts\/6686\/revisions"}],"wp:attachment":[{"href":"https:\/\/www.oparanews.com.br\/index.php\/wp-json\/wp\/v2\/media?parent=6686"}],"wp:term":[{"taxonomy":"category","embeddable":true,"href":"https:\/\/www.oparanews.com.br\/index.php\/wp-json\/wp\/v2\/categories?post=6686"},{"taxonomy":"post_tag","embeddable":true,"href":"https:\/\/www.oparanews.com.br\/index.php\/wp-json\/wp\/v2\/tags?post=6686"}],"curies":[{"name":"wp","href":"https:\/\/api.w.org\/{rel}","templated":true}]}}