{"id":6689,"date":"2020-05-25T19:20:35","date_gmt":"2020-05-25T19:20:35","guid":{"rendered":"https:\/\/oparanews.com.br\/?p=6689"},"modified":"2020-05-25T19:20:35","modified_gmt":"2020-05-25T19:20:35","slug":"ministro-da-saude-alerta-para-avanco-da-covid-19-no-interior","status":"publish","type":"post","link":"https:\/\/www.oparanews.com.br\/index.php\/2020\/05\/25\/ministro-da-saude-alerta-para-avanco-da-covid-19-no-interior\/","title":{"rendered":"Ministro da Sa\u00fade alerta para avan\u00e7o da covid-19 no interior"},"content":{"rendered":"<p>O ministro interino da Sa\u00fade, Eduardo Pazuello, alertou nesta segunda-feira (25) para nova etapa do avan\u00e7o da covid-19 no Brasil, com aumento de casos em cidades do interior. &#8220;Temos o impacto das capitais e regi\u00f5es metropolitanas. Esse impacto vai passar. E vamos ver espraiamento disso de alguma forma ao interior&#8221;, afirmou Pazuello em videoconfer\u00eancia de celebra\u00e7\u00e3o dos 120 anos da Fiocruz.<\/p>\n<p>O ministro declarou que \u00e9 preciso estar preparado para o avan\u00e7o da doen\u00e7a, preparando estruturas de cidades maiores para receber pacientes dos pequenos munic\u00edpios. Para ele, capitais j\u00e1 mostram queda de casos. &#8220;Mas n\u00e3o podemos esquecer que vem ainda o impacto no interior. A gente tem de estar preparado para isso.&#8221;<\/p>\n<p>Pazuello j\u00e1 havia demonstrado preocupa\u00e7\u00e3o sobre o impacto da doen\u00e7a em cidades do interior na semana passada, durante reuni\u00e3o com conselhos de secret\u00e1rios estaduais e municipais de sa\u00fade.<\/p>\n<p>Segundo balan\u00e7o do Minist\u00e9rio da Sa\u00fade deste domingo, 24, o Brasil tem 22.666 \u00f3bitos pela covid e 363.211 casos confirmados. Destes, 149.911 pacientes j\u00e1 se recuperaram.<\/p>\n<p>As infec\u00e7\u00f5es fora da capital preocupam o governo de S\u00e3o Paulo, por exemplo. A covid-19 j\u00e1 chegou a 510 munic\u00edpios paulistas (que tem 645 cidades), e a taxa de crescimento no interior \u00e9 quase quatro vezes maior do que na capital.<\/p>\n<p>Na videoconfer\u00eancia sobre o anivers\u00e1rio da Fiocruz, Pazuello falou por menos de 5 minutos.<\/p>\n<p>No domingo, 24, o ministro interino esteve em manifesta\u00e7\u00e3o pr\u00f3-governo ao lado do presidente Jair Bolsonaro. O mandat\u00e1rio novamente estimulou aglomera\u00e7\u00f5es, contrariando recomenda\u00e7\u00f5es de autoridades de sa\u00fade sobre o distanciamento social.<\/p>\n<p>&nbsp;<\/p>\n<p><strong>Fonte: Terra<\/strong><\/p>\n<p>&nbsp;<\/p>\n","protected":false},"excerpt":{"rendered":"<p>O ministro interino da Sa\u00fade, Eduardo Pazuello, alertou nesta segunda-feira (25) para nova etapa do avan\u00e7o da covid-19 no Brasil, com aumento de casos em cidades do interior. &#8220;Temos o impacto das capitais e regi\u00f5es metropolitanas. Esse impacto vai passar. E vamos ver espraiamento disso de alguma forma ao interior&#8221;, afirmou Pazuello em videoconfer\u00eancia de &hellip;<\/p>\n","protected":false},"author":1,"featured_media":6690,"comment_status":"open","ping_status":"open","sticky":false,"template":"","format":"standard","meta":{"_jetpack_newsletter_access":"","_jetpack_dont_email_post_to_subs":false,"_jetpack_newsletter_tier_id":0,"_jetpack_memberships_contains_paywalled_content":false,"_jetpack_memberships_contains_paid_content":false,"footnotes":""},"categories":[1],"tags":[],"class_list":["post-6689","post","type-post","status-publish","format-standard","has-post-thumbnail","hentry","category-destaque"],"jetpack_sharing_enabled":true,"jetpack_featured_media_url":"","_links":{"self":[{"href":"https:\/\/www.oparanews.com.br\/index.php\/wp-json\/wp\/v2\/posts\/6689","targetHints":{"allow":["GET"]}}],"collection":[{"href":"https:\/\/www.oparanews.com.br\/index.php\/wp-json\/wp\/v2\/posts"}],"about":[{"href":"https:\/\/www.oparanews.com.br\/index.php\/wp-json\/wp\/v2\/types\/post"}],"author":[{"embeddable":true,"href":"https:\/\/www.oparanews.com.br\/index.php\/wp-json\/wp\/v2\/users\/1"}],"replies":[{"embeddable":true,"href":"https:\/\/www.oparanews.com.br\/index.php\/wp-json\/wp\/v2\/comments?post=6689"}],"version-history":[{"count":0,"href":"https:\/\/www.oparanews.com.br\/index.php\/wp-json\/wp\/v2\/posts\/6689\/revisions"}],"wp:attachment":[{"href":"https:\/\/www.oparanews.com.br\/index.php\/wp-json\/wp\/v2\/media?parent=6689"}],"wp:term":[{"taxonomy":"category","embeddable":true,"href":"https:\/\/www.oparanews.com.br\/index.php\/wp-json\/wp\/v2\/categories?post=6689"},{"taxonomy":"post_tag","embeddable":true,"href":"https:\/\/www.oparanews.com.br\/index.php\/wp-json\/wp\/v2\/tags?post=6689"}],"curies":[{"name":"wp","href":"https:\/\/api.w.org\/{rel}","templated":true}]}}