{"id":6692,"date":"2020-05-25T23:40:34","date_gmt":"2020-05-25T23:40:34","guid":{"rendered":"https:\/\/oparanews.com.br\/?p=6692"},"modified":"2020-05-25T23:40:34","modified_gmt":"2020-05-25T23:40:34","slug":"prefeitura-de-penedo-inicia-pagamento-do-salario-referente-ao-mes-de-maio","status":"publish","type":"post","link":"https:\/\/www.oparanews.com.br\/index.php\/2020\/05\/25\/prefeitura-de-penedo-inicia-pagamento-do-salario-referente-ao-mes-de-maio\/","title":{"rendered":"Prefeitura de Penedo inicia pagamento do sal\u00e1rio referente ao m\u00eas de maio"},"content":{"rendered":"<p>Antes do fim do m\u00eas, sal\u00e1rio na conta do servidor. Assim tem sido desde o in\u00edcio do governo M\u00e1rcius Beltr\u00e3o\/Ronaldo Lopes, compromisso honrado com o funcionalismo municipal que assegura tranquilidade financeira para os servidores da Prefeitura de Penedo e, consequentemente, o com\u00e9rcio local.<\/p>\n<p>O pagamento referente a maio para o funcionalismo municipal penedense, dentro do m\u00eas trabalhado, come\u00e7a nesta ter\u00e7a-feira (26). Recebem primeiro os servidores que n\u00e3o est\u00e3o lotados nas secretarias de Educa\u00e7\u00e3o ou de Sa\u00fade, pessoal identificado no card da divulga\u00e7\u00e3o do calend\u00e1rio, publicado nas redes sociais, como Demais Secretarias.<\/p>\n<p>Na quarta-feira, 27, recebem os trabalhadores da Secretaria Municipal de Educa\u00e7\u00e3o (SEMED). A quinta-feira, 28, foi destinada ao pagamento do 13\u00ba sal\u00e1rio para funcion\u00e1rio aniversariante em maio, conforme prev\u00ea a Lei Municipal n\u00ba 1.681\/2019.<\/p>\n<p>O calend\u00e1rio de mais um m\u00eas de sal\u00e1rio pago em dia, pelo governo Marcius Beltr\u00e3o\/Ronaldo Lopes, ser\u00e1 conclu\u00eddo na sexta-feira, 29, data do pagamento aos servidores da Secretaria Municipal de Sa\u00fade (SEMS).<\/p>\n<p>&nbsp;<\/p>\n<p><strong>por Fernando Vin\u00edcius \u2013 Decom PMP<\/strong><\/p>\n<p>&nbsp;<\/p>\n","protected":false},"excerpt":{"rendered":"<p>Antes do fim do m\u00eas, sal\u00e1rio na conta do servidor. Assim tem sido desde o in\u00edcio do governo M\u00e1rcius Beltr\u00e3o\/Ronaldo Lopes, compromisso honrado com o funcionalismo municipal que assegura tranquilidade financeira para os servidores da Prefeitura de Penedo e, consequentemente, o com\u00e9rcio local. O pagamento referente a maio para o funcionalismo municipal penedense, dentro do &hellip;<\/p>\n","protected":false},"author":1,"featured_media":6693,"comment_status":"open","ping_status":"open","sticky":false,"template":"","format":"standard","meta":{"_jetpack_newsletter_access":"","_jetpack_dont_email_post_to_subs":false,"_jetpack_newsletter_tier_id":0,"_jetpack_memberships_contains_paywalled_content":false,"_jetpack_memberships_contains_paid_content":false,"footnotes":""},"categories":[1],"tags":[],"class_list":["post-6692","post","type-post","status-publish","format-standard","has-post-thumbnail","hentry","category-destaque"],"jetpack_sharing_enabled":true,"jetpack_featured_media_url":"","_links":{"self":[{"href":"https:\/\/www.oparanews.com.br\/index.php\/wp-json\/wp\/v2\/posts\/6692","targetHints":{"allow":["GET"]}}],"collection":[{"href":"https:\/\/www.oparanews.com.br\/index.php\/wp-json\/wp\/v2\/posts"}],"about":[{"href":"https:\/\/www.oparanews.com.br\/index.php\/wp-json\/wp\/v2\/types\/post"}],"author":[{"embeddable":true,"href":"https:\/\/www.oparanews.com.br\/index.php\/wp-json\/wp\/v2\/users\/1"}],"replies":[{"embeddable":true,"href":"https:\/\/www.oparanews.com.br\/index.php\/wp-json\/wp\/v2\/comments?post=6692"}],"version-history":[{"count":0,"href":"https:\/\/www.oparanews.com.br\/index.php\/wp-json\/wp\/v2\/posts\/6692\/revisions"}],"wp:attachment":[{"href":"https:\/\/www.oparanews.com.br\/index.php\/wp-json\/wp\/v2\/media?parent=6692"}],"wp:term":[{"taxonomy":"category","embeddable":true,"href":"https:\/\/www.oparanews.com.br\/index.php\/wp-json\/wp\/v2\/categories?post=6692"},{"taxonomy":"post_tag","embeddable":true,"href":"https:\/\/www.oparanews.com.br\/index.php\/wp-json\/wp\/v2\/tags?post=6692"}],"curies":[{"name":"wp","href":"https:\/\/api.w.org\/{rel}","templated":true}]}}