{"id":6695,"date":"2020-05-25T23:43:54","date_gmt":"2020-05-25T23:43:54","guid":{"rendered":"https:\/\/oparanews.com.br\/?p=6695"},"modified":"2020-05-25T23:43:54","modified_gmt":"2020-05-25T23:43:54","slug":"confirmado-primeiro-caso-de-preso-em-alagoas-com-covid-19","status":"publish","type":"post","link":"https:\/\/www.oparanews.com.br\/index.php\/2020\/05\/25\/confirmado-primeiro-caso-de-preso-em-alagoas-com-covid-19\/","title":{"rendered":"Confirmado primeiro caso de preso em Alagoas com Covid-19"},"content":{"rendered":"<p>Alagoas registrou o primeiro caso de um preso infectado pela Covid-19, doen\u00e7a causada pelo novo coronav\u00edrus. Segundo informa\u00e7\u00f5es da Secretaria de Estado da Ressocializa\u00e7\u00e3o e Inclus\u00e3o Social (Seris), o preso entrou no sistema prisional h\u00e1 uma semana, j\u00e1 infectado. Foi feito o teste, que teve resultado positivo. As informa\u00e7\u00f5es foram divulgadas nesta segunda-feira (25).<\/p>\n<p>O preso ficou isolado, e ap\u00f3s a confirma\u00e7\u00e3o do resultado, ele foi levado para o hospital de campanha montado no pres\u00eddio feminino Santa Luzia, em Macei\u00f3.<\/p>\n<p>De acordo com o mais recente boletim da Seris, foram registrados 31 servidores do Sistema Prisional de Alagoas com a doen\u00e7a e dois \u00f3bitos por Covid-19. Tamb\u00e9m foram afastados 201 servidores com suspeita da doen\u00e7a, e que s\u00e3o considerados do grupo de risco. Alguns destes servidores est\u00e3o em teletrabalho. Entre os presos, h\u00e1 um caso confirmado e 24 s\u00e3o considerados suspeitos.<\/p>\n<p>A Seris informou que as visitas e entrega de alimentos por familiares aos presos seguem suspensas por tempo indeterminado. Os advogados tamb\u00e9m est\u00e3o sem acesso ao sistema prisional, e est\u00e1 sendo discutida a possibilidade de que os clientes sejam atendidos on-line.<\/p>\n<p>No que diz respeito as a\u00e7\u00f5es adotadas para o combate ao novo coronav\u00edrus, a secretaria disse que, al\u00e9m da assist\u00eancia m\u00e9dica aos presos, ser\u00e1 montada uma barreira sanit\u00e1ria na porta do complexo prisional para medir as temperaturas de todos os servidores que acessam o local.<\/p>\n<p>&nbsp;<\/p>\n<p><strong>Fonte: G1\/AL<\/strong><\/p>\n<p>&nbsp;<\/p>\n","protected":false},"excerpt":{"rendered":"<p>Alagoas registrou o primeiro caso de um preso infectado pela Covid-19, doen\u00e7a causada pelo novo coronav\u00edrus. Segundo informa\u00e7\u00f5es da Secretaria de Estado da Ressocializa\u00e7\u00e3o e Inclus\u00e3o Social (Seris), o preso entrou no sistema prisional h\u00e1 uma semana, j\u00e1 infectado. Foi feito o teste, que teve resultado positivo. As informa\u00e7\u00f5es foram divulgadas nesta segunda-feira (25). O &hellip;<\/p>\n","protected":false},"author":1,"featured_media":6696,"comment_status":"open","ping_status":"open","sticky":false,"template":"","format":"standard","meta":{"_jetpack_newsletter_access":"","_jetpack_dont_email_post_to_subs":false,"_jetpack_newsletter_tier_id":0,"_jetpack_memberships_contains_paywalled_content":false,"_jetpack_memberships_contains_paid_content":false,"footnotes":""},"categories":[1],"tags":[],"class_list":["post-6695","post","type-post","status-publish","format-standard","has-post-thumbnail","hentry","category-destaque"],"jetpack_sharing_enabled":true,"jetpack_featured_media_url":"","_links":{"self":[{"href":"https:\/\/www.oparanews.com.br\/index.php\/wp-json\/wp\/v2\/posts\/6695","targetHints":{"allow":["GET"]}}],"collection":[{"href":"https:\/\/www.oparanews.com.br\/index.php\/wp-json\/wp\/v2\/posts"}],"about":[{"href":"https:\/\/www.oparanews.com.br\/index.php\/wp-json\/wp\/v2\/types\/post"}],"author":[{"embeddable":true,"href":"https:\/\/www.oparanews.com.br\/index.php\/wp-json\/wp\/v2\/users\/1"}],"replies":[{"embeddable":true,"href":"https:\/\/www.oparanews.com.br\/index.php\/wp-json\/wp\/v2\/comments?post=6695"}],"version-history":[{"count":0,"href":"https:\/\/www.oparanews.com.br\/index.php\/wp-json\/wp\/v2\/posts\/6695\/revisions"}],"wp:attachment":[{"href":"https:\/\/www.oparanews.com.br\/index.php\/wp-json\/wp\/v2\/media?parent=6695"}],"wp:term":[{"taxonomy":"category","embeddable":true,"href":"https:\/\/www.oparanews.com.br\/index.php\/wp-json\/wp\/v2\/categories?post=6695"},{"taxonomy":"post_tag","embeddable":true,"href":"https:\/\/www.oparanews.com.br\/index.php\/wp-json\/wp\/v2\/tags?post=6695"}],"curies":[{"name":"wp","href":"https:\/\/api.w.org\/{rel}","templated":true}]}}