{"id":6698,"date":"2020-05-25T23:55:28","date_gmt":"2020-05-25T23:55:28","guid":{"rendered":"https:\/\/oparanews.com.br\/?p=6698"},"modified":"2020-05-25T23:55:28","modified_gmt":"2020-05-25T23:55:28","slug":"boletim-informa-aumento-de-casos-confirmados-de-covid-19-em-penedo","status":"publish","type":"post","link":"https:\/\/www.oparanews.com.br\/index.php\/2020\/05\/25\/boletim-informa-aumento-de-casos-confirmados-de-covid-19-em-penedo\/","title":{"rendered":"Boletim informa aumento de casos confirmados de Covid-19 em Penedo"},"content":{"rendered":"<p>O boletim epidemiol\u00f3gico desta segunda-feira, 25 de maio, informa o aumento de casos de Covid-19 em Penedo. O n\u00famero passou de 18 passou para 20 de ontem para hoje.<\/p>\n<p><a href=\"https:\/\/oparanews.com.br\/wp-content\/uploads\/2020\/05\/aaaaaaaaaaaaaaaaaaaaaa-123.jpg\"><img loading=\"lazy\" decoding=\"async\" class=\"alignleft size-medium wp-image-6699\" src=\"https:\/\/oparanews.com.br\/wp-content\/uploads\/2020\/05\/aaaaaaaaaaaaaaaaaaaaaa-123-273x300.jpg\" alt=\"\" width=\"273\" height=\"300\" \/><\/a>Sobre as pessoas inclu\u00eddas nos registros oficiais, uma reside no Centro da cidade e a outra mora no Tabuleiro dos Negros, comunidade remanescente quilombola.<\/p>\n<p>A atualiza\u00e7\u00e3o dos dados referentes \u00e0 pandemia do coronav\u00edrus pela Secretaria Municipal de Sa\u00fade (SEMS) aponta ainda mais situa\u00e7\u00f5es de al\u00edvio, com o aumento de 38 para 43 casos descartados.<\/p>\n<p>As demais estat\u00edsticas permanecem iguais em rela\u00e7\u00e3o ao boletim de ontem. S\u00e3o 60 pessoas monitoradas, 06 suspeitos, 05 recuperadas e dois \u00f3bitos.<\/p>\n<p><strong>Alagoas<\/strong><\/p>\n<p>O boletim da Secretaria de Estado de Sa\u00fade (Sesau) confirma mais 468 casos de Covid-19. Agora, o estado tem 6.682 casos confirmados de Covid-19, dos quais 2.440 est\u00e3o em isolamento domiciliar e 252 internados em leitos p\u00fablicos e privados.<\/p>\n<p>H\u00e1 672 casos em investiga\u00e7\u00e3o laboratorial e com mais 21 mortes <a href=\"https:\/\/oparanews.com.br\/wp-content\/uploads\/2020\/05\/aaaaaaaaaaaaaaaaaaaaaa-125.jpg\"><img loading=\"lazy\" decoding=\"async\" class=\"alignleft size-medium wp-image-6701\" src=\"https:\/\/oparanews.com.br\/wp-content\/uploads\/2020\/05\/aaaaaaaaaaaaaaaaaaaaaa-125-273x300.jpg\" alt=\"\" width=\"273\" height=\"300\" \/><\/a>confirmadas por coronav\u00edrus, Alagoas alcan\u00e7a 337 \u00f3bitos por Covid-19.<\/p>\n<p><strong>Brasil<\/strong><\/p>\n<p>A Ag\u00eancia Brasil, portal de not\u00edcias do governo brasileiro informa que O Brasil registrou 807 novas mortes por Covid-19 nesta segunda-feira, 25, chegando ao total de 23.473. O resultado representou um aumento de 3,5% em rela\u00e7\u00e3o a ontem (24), quando foram contabilizados 22.666 falecimentos em decorr\u00eancia do novo coronav\u00edrus. Os n\u00fameros foram divulgados no balan\u00e7o do Minist\u00e9rio da Sa\u00fade hoje (25).<\/p>\n<p>&nbsp;<\/p>\n<p><strong>por Fernando Vin\u00edcius \u2013 Decom PMP<\/strong><\/p>\n<p>&nbsp;<\/p>\n","protected":false},"excerpt":{"rendered":"<p>O boletim epidemiol\u00f3gico desta segunda-feira, 25 de maio, informa o aumento de casos de Covid-19 em Penedo. O n\u00famero passou de 18 passou para 20 de ontem para hoje. Sobre as pessoas inclu\u00eddas nos registros oficiais, uma reside no Centro da cidade e a outra mora no Tabuleiro dos Negros, comunidade remanescente quilombola. A atualiza\u00e7\u00e3o &hellip;<\/p>\n","protected":false},"author":1,"featured_media":6700,"comment_status":"open","ping_status":"open","sticky":false,"template":"","format":"standard","meta":{"_jetpack_newsletter_access":"","_jetpack_dont_email_post_to_subs":false,"_jetpack_newsletter_tier_id":0,"_jetpack_memberships_contains_paywalled_content":false,"_jetpack_memberships_contains_paid_content":false,"footnotes":""},"categories":[1],"tags":[],"class_list":["post-6698","post","type-post","status-publish","format-standard","has-post-thumbnail","hentry","category-destaque"],"jetpack_sharing_enabled":true,"jetpack_featured_media_url":"","_links":{"self":[{"href":"https:\/\/www.oparanews.com.br\/index.php\/wp-json\/wp\/v2\/posts\/6698","targetHints":{"allow":["GET"]}}],"collection":[{"href":"https:\/\/www.oparanews.com.br\/index.php\/wp-json\/wp\/v2\/posts"}],"about":[{"href":"https:\/\/www.oparanews.com.br\/index.php\/wp-json\/wp\/v2\/types\/post"}],"author":[{"embeddable":true,"href":"https:\/\/www.oparanews.com.br\/index.php\/wp-json\/wp\/v2\/users\/1"}],"replies":[{"embeddable":true,"href":"https:\/\/www.oparanews.com.br\/index.php\/wp-json\/wp\/v2\/comments?post=6698"}],"version-history":[{"count":0,"href":"https:\/\/www.oparanews.com.br\/index.php\/wp-json\/wp\/v2\/posts\/6698\/revisions"}],"wp:attachment":[{"href":"https:\/\/www.oparanews.com.br\/index.php\/wp-json\/wp\/v2\/media?parent=6698"}],"wp:term":[{"taxonomy":"category","embeddable":true,"href":"https:\/\/www.oparanews.com.br\/index.php\/wp-json\/wp\/v2\/categories?post=6698"},{"taxonomy":"post_tag","embeddable":true,"href":"https:\/\/www.oparanews.com.br\/index.php\/wp-json\/wp\/v2\/tags?post=6698"}],"curies":[{"name":"wp","href":"https:\/\/api.w.org\/{rel}","templated":true}]}}