{"id":6706,"date":"2020-05-26T00:19:29","date_gmt":"2020-05-26T00:19:29","guid":{"rendered":"https:\/\/oparanews.com.br\/?p=6706"},"modified":"2020-05-26T00:19:29","modified_gmt":"2020-05-26T00:19:29","slug":"secretario-e-exonerado-da-saude-a-pedido","status":"publish","type":"post","link":"https:\/\/www.oparanews.com.br\/index.php\/2020\/05\/26\/secretario-e-exonerado-da-saude-a-pedido\/","title":{"rendered":"Secret\u00e1rio \u00e9 exonerado da Sa\u00fade a pedido"},"content":{"rendered":"<p>O secret\u00e1rio Nacional de Vigil\u00e2ncia em Sa\u00fade do Minist\u00e9rio da Sa\u00fade, Wanderson de Oliveira, deixou o cargo nesta segunda-feira (25). A exonera\u00e7\u00e3o de Wanderson, a pedido, foi publicada no Di\u00e1rio Oficial da Uni\u00e3o (DOU).<\/p>\n<p>Ele j\u00e1 havia chegado a pedir demiss\u00e3o no dia 15 de abril, mas o ent\u00e3o ministro da Sa\u00fade Luiz Henrique Mandetta n\u00e3o permitiu sua sa\u00edda.<\/p>\n<p>Durante a gest\u00e3o de Mandetta, Oliveira foi uma das autoridades do minist\u00e9rio que mais participaram das a\u00e7\u00f5es para enfrentar a pandemia. Assim como o ex-ministro, o secret\u00e1rio defende o isolamento social como estrat\u00e9gia de conten\u00e7\u00e3o do coronav\u00edrus, medida criticada pelo presidente Jair Bolsonaro, que afirma que esta a\u00e7\u00e3o \u00e9 prejudicial \u00e0 economia.<\/p>\n<p>Em mensagem enviada \u00e0 equipe, Wanderson disse que a sa\u00edda foi definida no dia 15 de abril, mas que permaneceu mais algumas semanas a pedido de Mandetta e de seu sucessor, Nelson Teich, que tamb\u00e9m j\u00e1 deixou a pasta.<\/p>\n<p><strong>Sa\u00edda anunciada<\/strong><\/p>\n<p>Ap\u00f3s a sa\u00edda de Teich, menos de um m\u00eas ap\u00f3s assumir a pasta, o ent\u00e3o secret\u00e1rio de Vigil\u00e2ncia disse que acordou sua sa\u00edda com o ministro interino da Sa\u00fade, Eduardo Pazuello, na \u00faltima quarta-feira (20). Oliveira \u00e9 servidor do Hospital das For\u00e7as Armadas em Bras\u00edlia e se reapresentar\u00e1 \u00e0 institui\u00e7\u00e3o.<\/p>\n<p>&#8220;Apesar de sair da fun\u00e7\u00e3o de Secret\u00e1rio de Vigil\u00e2ncia em Sa\u00fade, continuarei ajudando ao Ministro Pazuello nas a\u00e7\u00f5es de resposta \u00e0 pandemia. Somos da mesma institui\u00e7\u00e3o, Minist\u00e9rio da Defesa e conosco \u00e9 miss\u00e3o dada, miss\u00e3o cumprida&#8221;, disse Wanderson.<\/p>\n<p>O Minist\u00e9rio da Sa\u00fade disse que o substituto ser\u00e1 informado nas pr\u00f3ximas edi\u00e7\u00f5es do Di\u00e1rio Oficial da Uni\u00e3o.<\/p>\n<p>O secret\u00e1rio sai no momento em que o Brasil j\u00e1 registra mais de 23 mil mortes e 374.898 pessoas foram infectadas, segundo o \u00faltimo balan\u00e7o do Minist\u00e9rio da Sa\u00fade.<\/p>\n<p>Wanderson \u00e9 enfermeiro e doutor em epidemiologia com mais de 20 anos de experi\u00eancia, sendo 15 deles no Minist\u00e9rio da Sa\u00fade, segundo a pr\u00f3pria pasta. Ele \u00e9 servidor p\u00fablico federal e tem passagens pelo Minist\u00e9rio da Defesa e Funda\u00e7\u00e3o Oswaldo Cruz (Fiocruz).<\/p>\n<p><strong>Perfil t\u00e9cnico<\/strong><\/p>\n<p>Doutor em epidemiologia pela Universidade Federal do Rio Grande do Sul (UFRGS), ele coordenou a resposta nacional \u00e0 pandemia de influenza e \u00e0 s\u00edndrome da zika cong\u00eanita e atuou como ponto focal para o regulamento sanit\u00e1rio internacional e eventos de massa, como Copa do Mundo e Olimp\u00edadas, segundo o governo.<\/p>\n<p>Ele tem especializa\u00e7\u00e3o pelo programa de treinamento em epidemiologia aplicada ao SUS pelo Centro de Controle e Preven\u00e7\u00e3o de Doen\u00e7as da Ge\u00f3rgia, nos Estados Unidos. \u00c9 especialista em epidemiologia pela Escola de Sa\u00fade P\u00fablica Johns Hopkins, tamb\u00e9m nos Estados Unidos, e \u00e9 professor da escola da funda\u00e7\u00e3o Oswaldo Cruz, em Bras\u00edlia.<\/p>\n<p>&nbsp;<\/p>\n<p><strong>Fonte: G1<\/strong><\/p>\n<p>&nbsp;<\/p>\n","protected":false},"excerpt":{"rendered":"<p>O secret\u00e1rio Nacional de Vigil\u00e2ncia em Sa\u00fade do Minist\u00e9rio da Sa\u00fade, Wanderson de Oliveira, deixou o cargo nesta segunda-feira (25). A exonera\u00e7\u00e3o de Wanderson, a pedido, foi publicada no Di\u00e1rio Oficial da Uni\u00e3o (DOU). Ele j\u00e1 havia chegado a pedir demiss\u00e3o no dia 15 de abril, mas o ent\u00e3o ministro da Sa\u00fade Luiz Henrique Mandetta &hellip;<\/p>\n","protected":false},"author":1,"featured_media":6707,"comment_status":"open","ping_status":"open","sticky":false,"template":"","format":"standard","meta":{"_jetpack_newsletter_access":"","_jetpack_dont_email_post_to_subs":false,"_jetpack_newsletter_tier_id":0,"_jetpack_memberships_contains_paywalled_content":false,"_jetpack_memberships_contains_paid_content":false,"footnotes":""},"categories":[1],"tags":[],"class_list":["post-6706","post","type-post","status-publish","format-standard","has-post-thumbnail","hentry","category-destaque"],"jetpack_sharing_enabled":true,"jetpack_featured_media_url":"","_links":{"self":[{"href":"https:\/\/www.oparanews.com.br\/index.php\/wp-json\/wp\/v2\/posts\/6706","targetHints":{"allow":["GET"]}}],"collection":[{"href":"https:\/\/www.oparanews.com.br\/index.php\/wp-json\/wp\/v2\/posts"}],"about":[{"href":"https:\/\/www.oparanews.com.br\/index.php\/wp-json\/wp\/v2\/types\/post"}],"author":[{"embeddable":true,"href":"https:\/\/www.oparanews.com.br\/index.php\/wp-json\/wp\/v2\/users\/1"}],"replies":[{"embeddable":true,"href":"https:\/\/www.oparanews.com.br\/index.php\/wp-json\/wp\/v2\/comments?post=6706"}],"version-history":[{"count":0,"href":"https:\/\/www.oparanews.com.br\/index.php\/wp-json\/wp\/v2\/posts\/6706\/revisions"}],"wp:attachment":[{"href":"https:\/\/www.oparanews.com.br\/index.php\/wp-json\/wp\/v2\/media?parent=6706"}],"wp:term":[{"taxonomy":"category","embeddable":true,"href":"https:\/\/www.oparanews.com.br\/index.php\/wp-json\/wp\/v2\/categories?post=6706"},{"taxonomy":"post_tag","embeddable":true,"href":"https:\/\/www.oparanews.com.br\/index.php\/wp-json\/wp\/v2\/tags?post=6706"}],"curies":[{"name":"wp","href":"https:\/\/api.w.org\/{rel}","templated":true}]}}