{"id":6709,"date":"2020-05-26T00:21:48","date_gmt":"2020-05-26T00:21:48","guid":{"rendered":"https:\/\/oparanews.com.br\/?p=6709"},"modified":"2020-05-26T00:21:48","modified_gmt":"2020-05-26T00:21:48","slug":"senado-aprova-convocacao-do-ministro-abraham-weintraub","status":"publish","type":"post","link":"https:\/\/www.oparanews.com.br\/index.php\/2020\/05\/26\/senado-aprova-convocacao-do-ministro-abraham-weintraub\/","title":{"rendered":"Senado aprova convoca\u00e7\u00e3o do ministro Abraham Weintraub"},"content":{"rendered":"<p>O plen\u00e1rio do Senado aprovou nesta segunda-feira (25) requerimento de convoca\u00e7\u00e3o do ministro da Educa\u00e7\u00e3o, Abraham Weintraub, para prestar esclarecimentos sobre declara\u00e7\u00f5es que fez na reuni\u00e3o ministerial de 22 de abril, ap\u00f3s a divulga\u00e7\u00e3o de v\u00eddeo do encontro por decis\u00e3o do Supremo Tribunal Federal (STF).<\/p>\n<p>O dia da participa\u00e7\u00e3o de Weintraub no Senado &#8211;que \u00e9 obrigat\u00f3ria, por se tratar de convoca\u00e7\u00e3o&#8211; ainda n\u00e3o est\u00e1 definida.<\/p>\n<p>Entre outras declara\u00e7\u00f5es, o ministro da Educa\u00e7\u00e3o defendeu, na reuni\u00e3o de abril, que botaria &#8220;vagabundos todos na cadeia, come\u00e7ando no STF&#8221;.<\/p>\n<p>A fala de Weintraub foi revelada no v\u00eddeo da reuni\u00e3o que faz parte do inqu\u00e9rito em que, segundo o ex-ministro da Justi\u00e7a Sergio Moro, o presidente Jair Bolsonaro tentou pression\u00e1-lo a mudar o comando da Pol\u00edcia Federal.<\/p>\n<p>&nbsp;<\/p>\n<p><strong>Fonte: Terra<\/strong><\/p>\n<p>&nbsp;<\/p>\n","protected":false},"excerpt":{"rendered":"<p>O plen\u00e1rio do Senado aprovou nesta segunda-feira (25) requerimento de convoca\u00e7\u00e3o do ministro da Educa\u00e7\u00e3o, Abraham Weintraub, para prestar esclarecimentos sobre declara\u00e7\u00f5es que fez na reuni\u00e3o ministerial de 22 de abril, ap\u00f3s a divulga\u00e7\u00e3o de v\u00eddeo do encontro por decis\u00e3o do Supremo Tribunal Federal (STF). O dia da participa\u00e7\u00e3o de Weintraub no Senado &#8211;que \u00e9 &hellip;<\/p>\n","protected":false},"author":1,"featured_media":6710,"comment_status":"open","ping_status":"open","sticky":false,"template":"","format":"standard","meta":{"_jetpack_newsletter_access":"","_jetpack_dont_email_post_to_subs":false,"_jetpack_newsletter_tier_id":0,"_jetpack_memberships_contains_paywalled_content":false,"_jetpack_memberships_contains_paid_content":false,"footnotes":""},"categories":[1],"tags":[],"class_list":["post-6709","post","type-post","status-publish","format-standard","has-post-thumbnail","hentry","category-destaque"],"jetpack_sharing_enabled":true,"jetpack_featured_media_url":"","_links":{"self":[{"href":"https:\/\/www.oparanews.com.br\/index.php\/wp-json\/wp\/v2\/posts\/6709","targetHints":{"allow":["GET"]}}],"collection":[{"href":"https:\/\/www.oparanews.com.br\/index.php\/wp-json\/wp\/v2\/posts"}],"about":[{"href":"https:\/\/www.oparanews.com.br\/index.php\/wp-json\/wp\/v2\/types\/post"}],"author":[{"embeddable":true,"href":"https:\/\/www.oparanews.com.br\/index.php\/wp-json\/wp\/v2\/users\/1"}],"replies":[{"embeddable":true,"href":"https:\/\/www.oparanews.com.br\/index.php\/wp-json\/wp\/v2\/comments?post=6709"}],"version-history":[{"count":0,"href":"https:\/\/www.oparanews.com.br\/index.php\/wp-json\/wp\/v2\/posts\/6709\/revisions"}],"wp:attachment":[{"href":"https:\/\/www.oparanews.com.br\/index.php\/wp-json\/wp\/v2\/media?parent=6709"}],"wp:term":[{"taxonomy":"category","embeddable":true,"href":"https:\/\/www.oparanews.com.br\/index.php\/wp-json\/wp\/v2\/categories?post=6709"},{"taxonomy":"post_tag","embeddable":true,"href":"https:\/\/www.oparanews.com.br\/index.php\/wp-json\/wp\/v2\/tags?post=6709"}],"curies":[{"name":"wp","href":"https:\/\/api.w.org\/{rel}","templated":true}]}}