{"id":6712,"date":"2020-05-26T00:25:27","date_gmt":"2020-05-26T00:25:27","guid":{"rendered":"https:\/\/oparanews.com.br\/?p=6712"},"modified":"2020-05-26T00:25:27","modified_gmt":"2020-05-26T00:25:27","slug":"vice-da-conmebol-em-1999-rende-nova-producao-do-csa","status":"publish","type":"post","link":"https:\/\/www.oparanews.com.br\/index.php\/2020\/05\/26\/vice-da-conmebol-em-1999-rende-nova-producao-do-csa\/","title":{"rendered":"Vice da Conmebol em 1999 rende nova produ\u00e7\u00e3o do CSA"},"content":{"rendered":"<p>Apesar da equipe do CSA n\u00e3o ter conseguido o t\u00edtulo da extinta Copa Conmebol no ano de 1999, o fato de ter ficado com o vice-campeonato \u00e9 motivo de muito orgulho para o clube. Principalmente pensando no fato de que foi a \u00fanica vez na hist\u00f3ria que um time da Regi\u00e3o Nordeste conseguiu disputar uma decis\u00e3o continental.<\/p>\n<p>Por isso, o Azul\u00e3o resolveu lan\u00e7ar uma nova produ\u00e7\u00e3o sobre o tema em seu canal oficial do YouTube, o CSA Oficial, batizada de Azul\u00e3o na Copa Conmebol 1999.<\/p>\n<p>Al\u00e9m da presen\u00e7a de alguns jogadores que tiveram a oportunidade de participar da campanha onde o clube deixou para tr\u00e1s Vila Nova, Estudiantes-VEN e S\u00e3o Raimundo antes da decis\u00e3o onde caiu para o Talleres, da Argentina, o CSA tamb\u00e9m entrevistou o t\u00e9cnico daquela equipe, Ot\u00e1vio Quadros.<\/p>\n<p>Em rela\u00e7\u00e3o ao conte\u00fado do document\u00e1rio, o foco foi voltado para uma trajet\u00f3ria onde o elenco recheado de nomes formados no Azulino precisou, aos poucos, superar a desconfian\u00e7a dos demais (e a falta de recursos para investir em contrata\u00e7\u00f5es) para chegar longe na competi\u00e7\u00e3o.<\/p>\n<p>&nbsp;<\/p>\n<p><strong>Fonte: Futebol Latino<\/strong><\/p>\n<p>&nbsp;<\/p>\n","protected":false},"excerpt":{"rendered":"<p>Apesar da equipe do CSA n\u00e3o ter conseguido o t\u00edtulo da extinta Copa Conmebol no ano de 1999, o fato de ter ficado com o vice-campeonato \u00e9 motivo de muito orgulho para o clube. Principalmente pensando no fato de que foi a \u00fanica vez na hist\u00f3ria que um time da Regi\u00e3o Nordeste conseguiu disputar uma &hellip;<\/p>\n","protected":false},"author":1,"featured_media":6713,"comment_status":"open","ping_status":"open","sticky":false,"template":"","format":"standard","meta":{"_jetpack_newsletter_access":"","_jetpack_dont_email_post_to_subs":false,"_jetpack_newsletter_tier_id":0,"_jetpack_memberships_contains_paywalled_content":false,"_jetpack_memberships_contains_paid_content":false,"footnotes":""},"categories":[1],"tags":[],"class_list":["post-6712","post","type-post","status-publish","format-standard","has-post-thumbnail","hentry","category-destaque"],"jetpack_sharing_enabled":true,"jetpack_featured_media_url":"","_links":{"self":[{"href":"https:\/\/www.oparanews.com.br\/index.php\/wp-json\/wp\/v2\/posts\/6712","targetHints":{"allow":["GET"]}}],"collection":[{"href":"https:\/\/www.oparanews.com.br\/index.php\/wp-json\/wp\/v2\/posts"}],"about":[{"href":"https:\/\/www.oparanews.com.br\/index.php\/wp-json\/wp\/v2\/types\/post"}],"author":[{"embeddable":true,"href":"https:\/\/www.oparanews.com.br\/index.php\/wp-json\/wp\/v2\/users\/1"}],"replies":[{"embeddable":true,"href":"https:\/\/www.oparanews.com.br\/index.php\/wp-json\/wp\/v2\/comments?post=6712"}],"version-history":[{"count":0,"href":"https:\/\/www.oparanews.com.br\/index.php\/wp-json\/wp\/v2\/posts\/6712\/revisions"}],"wp:attachment":[{"href":"https:\/\/www.oparanews.com.br\/index.php\/wp-json\/wp\/v2\/media?parent=6712"}],"wp:term":[{"taxonomy":"category","embeddable":true,"href":"https:\/\/www.oparanews.com.br\/index.php\/wp-json\/wp\/v2\/categories?post=6712"},{"taxonomy":"post_tag","embeddable":true,"href":"https:\/\/www.oparanews.com.br\/index.php\/wp-json\/wp\/v2\/tags?post=6712"}],"curies":[{"name":"wp","href":"https:\/\/api.w.org\/{rel}","templated":true}]}}