{"id":6715,"date":"2020-05-26T00:37:01","date_gmt":"2020-05-26T00:37:01","guid":{"rendered":"https:\/\/oparanews.com.br\/?p=6715"},"modified":"2020-05-26T00:37:01","modified_gmt":"2020-05-26T00:37:01","slug":"reuniao-do-carioca-aprova-jogos-fora-do-rio","status":"publish","type":"post","link":"https:\/\/www.oparanews.com.br\/index.php\/2020\/05\/26\/reuniao-do-carioca-aprova-jogos-fora-do-rio\/","title":{"rendered":"Reuni\u00e3o do Carioca aprova jogos fora do Rio"},"content":{"rendered":"<p>Um dia ap\u00f3s o encontro com o prefeito do Rio, Marcelo Crivella, a Federa\u00e7\u00e3o de Futebol do Estado do Rio de Janeiro (Ferj) se reuniu, nesta segunda-feira, com os clubes participantes do Campeonato Carioca, em um conselho arbitral que indicou a possibilidade de a competi\u00e7\u00e3o, ao ser retomada, ter jogos disputados fora do Estado por causa da pandemia do coronav\u00edrus.<\/p>\n<p>A aprova\u00e7\u00e3o dessa possibilidade, por\u00e9m, n\u00e3o se deu sem pol\u00eamica. Como a medida n\u00e3o teve votos favor\u00e1veis de Botafogo e Fluminense, esses clubes defenderam que a medida s\u00f3 poderia ser implementada em caso de unanimidade.<\/p>\n<p>Por isso, em documento, os presidentes Nelson Mufarrej, do Botafogo, e M\u00e1rio Bittencourt, do Fluminense, pediram a impugna\u00e7\u00e3o dessa e de outras mudan\u00e7as no regulamento. A solicita\u00e7\u00e3o foi enviado ao presidente da Ferj, Rubens Lopes, e ao diretor de competi\u00e7\u00f5es da entidade, Marcelo Vianna.<\/p>\n<p>Os clubes tamb\u00e9m condenaram a possibilidade de retomada do Campeonato Carioca em meados de junho, definida na reuni\u00e3o com Crivella, no \u00faltimo domingo &#8211; Botafogo e Fluminense optaram por n\u00e3o enviar representantes ao encontro. J\u00e1 os treinos est\u00e3o liberados a partir desta ter\u00e7a, embora o Flamengo tenha reiniciado as atividades j\u00e1 na semana passada.<\/p>\n<p>No entanto, nesta segunda, Crivella deixou em aberto a possibilidade de os jogos s\u00f3 voltarem em julho, j\u00e1 que na reuni\u00e3o de domingo ficou decidido que ser\u00e1 feita uma an\u00e1lise da curva de cont\u00e1gio do novo coronav\u00edrus em meados de junho. Assim, a segunda quinzena do pr\u00f3ximo m\u00eas, dependendo dessa an\u00e1lise, pode ser liberada para a retomada dos eventos esportivos.<\/p>\n<p>&#8220;O retorno precoce da atividade n\u00e3o essencial traz riscos absolutamente desnecess\u00e1rios \u00e0 vida e a sa\u00fade de atletas, funcion\u00e1rios, seus familiares e demais protagonistas de jogos e treinamentos, mesmo com os protocolos adotados por essa prestigiosa entidade de administra\u00e7\u00e3o do desporto&#8221;, disseram os clubes no documento.<\/p>\n<p>Botafogo e Fluminense tamb\u00e9m defenderam n\u00e3o ser legal mudar o regulamento do Campeonato Carioca com o torneio j\u00e1 em disputa &#8211; foi paralisado ap\u00f3s a realiza\u00e7\u00e3o da segunda rodada da Ta\u00e7a Rio.<\/p>\n<p>&#8220;Merece ent\u00e3o registro que aos impugnantes muito os surpreendeu a ordem do dia trazida a lume pelo Edital de Convoca\u00e7\u00e3o para Reuni\u00e3o do Conselho Arbitral da S\u00e9rie A, a ser realizada, de modo virtual, no dia 25 de maio de 2020 (segunda-feira), n\u00e3o s\u00f3 pelas a\u00e7odadas premissas para o retorno das equipes aos gramados, mas tamb\u00e9m porque muitas das quest\u00f5es que se pretende levar \u00e0 vota\u00e7\u00e3o passariam, necessariamente, por modifica\u00e7\u00f5es das regras resolvidas no regulamento da Competi\u00e7\u00e3o, o que n\u00e3o cr\u00edvel, t\u00e3o pouco poss\u00edvel a essa altura do campeonato&#8221;, declararam.<\/p>\n<p><strong>OUTRAS DECIS\u00d5ES<\/strong><\/p>\n<p>A reuni\u00e3o tamb\u00e9m aprovou a extens\u00e3o do prazo para regulariza\u00e7\u00e3o e inscri\u00e7\u00e3o de atletas, com a alega\u00e7\u00e3o de resguardar a sa\u00fade dos jogadores e ainda sob a justificativa de que v\u00e1rios jogadores tiveram seus contratos encerrados durante o per\u00edodo de paralisa\u00e7\u00e3o do Campeonato Carioca. O arbitral optou por n\u00e3o votar a redu\u00e7\u00e3o do intervalo entre as partidas, estabelecido hoje em 66 horas, para 48 horas.<\/p>\n<p>&nbsp;<\/p>\n<p><strong>Fonte: Terra<\/strong><\/p>\n<p>&nbsp;<\/p>\n","protected":false},"excerpt":{"rendered":"<p>Um dia ap\u00f3s o encontro com o prefeito do Rio, Marcelo Crivella, a Federa\u00e7\u00e3o de Futebol do Estado do Rio de Janeiro (Ferj) se reuniu, nesta segunda-feira, com os clubes participantes do Campeonato Carioca, em um conselho arbitral que indicou a possibilidade de a competi\u00e7\u00e3o, ao ser retomada, ter jogos disputados fora do Estado por &hellip;<\/p>\n","protected":false},"author":1,"featured_media":6716,"comment_status":"open","ping_status":"open","sticky":false,"template":"","format":"standard","meta":{"_jetpack_newsletter_access":"","_jetpack_dont_email_post_to_subs":false,"_jetpack_newsletter_tier_id":0,"_jetpack_memberships_contains_paywalled_content":false,"_jetpack_memberships_contains_paid_content":false,"footnotes":""},"categories":[1],"tags":[],"class_list":["post-6715","post","type-post","status-publish","format-standard","has-post-thumbnail","hentry","category-destaque"],"jetpack_sharing_enabled":true,"jetpack_featured_media_url":"","_links":{"self":[{"href":"https:\/\/www.oparanews.com.br\/index.php\/wp-json\/wp\/v2\/posts\/6715","targetHints":{"allow":["GET"]}}],"collection":[{"href":"https:\/\/www.oparanews.com.br\/index.php\/wp-json\/wp\/v2\/posts"}],"about":[{"href":"https:\/\/www.oparanews.com.br\/index.php\/wp-json\/wp\/v2\/types\/post"}],"author":[{"embeddable":true,"href":"https:\/\/www.oparanews.com.br\/index.php\/wp-json\/wp\/v2\/users\/1"}],"replies":[{"embeddable":true,"href":"https:\/\/www.oparanews.com.br\/index.php\/wp-json\/wp\/v2\/comments?post=6715"}],"version-history":[{"count":0,"href":"https:\/\/www.oparanews.com.br\/index.php\/wp-json\/wp\/v2\/posts\/6715\/revisions"}],"wp:attachment":[{"href":"https:\/\/www.oparanews.com.br\/index.php\/wp-json\/wp\/v2\/media?parent=6715"}],"wp:term":[{"taxonomy":"category","embeddable":true,"href":"https:\/\/www.oparanews.com.br\/index.php\/wp-json\/wp\/v2\/categories?post=6715"},{"taxonomy":"post_tag","embeddable":true,"href":"https:\/\/www.oparanews.com.br\/index.php\/wp-json\/wp\/v2\/tags?post=6715"}],"curies":[{"name":"wp","href":"https:\/\/api.w.org\/{rel}","templated":true}]}}