{"id":6721,"date":"2020-05-26T17:23:14","date_gmt":"2020-05-26T17:23:14","guid":{"rendered":"https:\/\/oparanews.com.br\/?p=6721"},"modified":"2020-05-26T17:23:14","modified_gmt":"2020-05-26T17:23:14","slug":"ocorrencia-de-covid-19-em-penedo-e-a-mais-baixa-de-al-entre-municipios-com-mais-de-60-mil-habitantes","status":"publish","type":"post","link":"https:\/\/www.oparanews.com.br\/index.php\/2020\/05\/26\/ocorrencia-de-covid-19-em-penedo-e-a-mais-baixa-de-al-entre-municipios-com-mais-de-60-mil-habitantes\/","title":{"rendered":"Ocorr\u00eancia de Covid-19 em Penedo \u00e9 a mais baixa de AL entre munic\u00edpios com mais de 60 mil habitantes"},"content":{"rendered":"<p>Penedo tem a menor taxa de incid\u00eancia do coronav\u00edrus entre munic\u00edpios alagoanos com mais de 60 mil habitantes. A baixa ocorr\u00eancia de Covid-19 na cidade hist\u00f3rica \u00e9 resultado das a\u00e7\u00f5es desenvolvidas pelo governo Marcius Beltr\u00e3o\/Ronaldo Lopes, com anteced\u00eancia e firmeza de prop\u00f3sito.<\/p>\n<p>O acerto da preven\u00e7\u00e3o est\u00e1 comprovado, conforme revelam as estat\u00edsticas da Secretaria de Estado da Sa\u00fade (Sesau).<\/p>\n<p><a href=\"https:\/\/oparanews.com.br\/wp-content\/uploads\/2020\/05\/aaaaaaaaaaaaaaaaaaaaaa-133.jpg\"><img loading=\"lazy\" decoding=\"async\" class=\"alignleft size-medium wp-image-6723\" src=\"https:\/\/oparanews.com.br\/wp-content\/uploads\/2020\/05\/aaaaaaaaaaaaaaaaaaaaaa-133-254x300.jpg\" alt=\"\" width=\"254\" height=\"300\" \/><\/a>O boletim epidemiol\u00f3gico divulgado nesta segunda-feira, 25, mostra que a taxa de incid\u00eancia de Covid-19 em Penedo \u00e9 de 31,4 para cada 100 mil habitantes.<\/p>\n<p>Com cerca de 70 mil habitantes, Penedo tem taxa de incid\u00eancia de Covid-19 bem inferior a cidades como S\u00e3o Miguel dos Campos (197,5); Rio Largo (195,7); Palmeira dos \u00cdndios (122,9); Arapiraca (117,4) e Uni\u00e3o dos Palmares (102,1). Macei\u00f3 registra taxa acima de 377 para cada 100 mil habitantes, a quinta pior do estado.<\/p>\n<p>\u201cLogo quando se deu o alerta no Brasil e o governo estadual baixou o primeiro decreto, n\u00f3s tomamos as medidas necess\u00e1rias, com algumas particularidades em nosso munic\u00edpio\u201d, explica o Secret\u00e1rio Municipal de Sa\u00fade, Marcos Beltr\u00e3o, citando campanha de conscientiza\u00e7\u00e3o, paralisa\u00e7\u00e3o dos transportes, de parte das feiras livres e a efetiva\u00e7\u00e3o das barreiras sanit\u00e1rias.<\/p>\n<p><strong>Barreiras sanit\u00e1rias<\/strong><\/p>\n<p>O trabalho nos principais acessos a Penedo completa nesta ter\u00e7a-feira, 26, dois meses de efetivado. Funcionando em regime integral, 24 horas por dia, as barreiras contabilizam quase dez mil (9.789) fichas de controle emitidas, 390 termos de responsabilidade assinados e o retorno de 3.053 ve\u00edculos.<\/p>\n<p>Somente nesta segunda-feira, 25), 2.321 pessoas tiveram a temperatura verificada em alguma das barreiras sanit\u00e1rias de Penedo. Por conta desse controle, 84 n\u00e3o puderam entrar porque apresentavam quadro febril, um dos sintomas da Covid-19.<\/p>\n<p>Entre as cidades-polo do estado, somente Delmiro Gouveia est\u00e1 abaixo de Penedo. O munic\u00edpio localizado na divisa com Paulo Afonso-BA registra 26,9 de ocorr\u00eancia de Covid-19 em sua popula\u00e7\u00e3o de aproximadamente 55 mil habitantes.<\/p>\n<p><a href=\"https:\/\/oparanews.com.br\/wp-content\/uploads\/2020\/05\/aaaaaaaaaaaaaaaaaaaaaa-134.jpg\"><img loading=\"lazy\" decoding=\"async\" class=\"alignleft size-medium wp-image-6724\" src=\"https:\/\/oparanews.com.br\/wp-content\/uploads\/2020\/05\/aaaaaaaaaaaaaaaaaaaaaa-134-300x168.jpg\" alt=\"\" width=\"300\" height=\"168\" \/><\/a>\u201cTudo que fizemos e estamos fazendo tem como intuito diminuir a circula\u00e7\u00e3o das pessoas, s\u00f3 assim conseguimos minimizar a propaga\u00e7\u00e3o do coronav\u00edrus. De forma antecipada, informamos o que estava acontecendo, houve certa resist\u00eancia de parte das pessoas, mas todas entenderam\u201d, diz Marcos Beltr\u00e3o sobre o planejamento acertado para enfrentar o grave problema de sa\u00fade p\u00fablica que j\u00e1 tem 377 \u00f3bitos registrados em Alagoas.<\/p>\n<p>&nbsp;<\/p>\n<p><strong>por Fernando Vin\u00edcius \u2013 Decom PMP<\/strong><\/p>\n<p>&nbsp;<\/p>\n","protected":false},"excerpt":{"rendered":"<p>Penedo tem a menor taxa de incid\u00eancia do coronav\u00edrus entre munic\u00edpios alagoanos com mais de 60 mil habitantes. A baixa ocorr\u00eancia de Covid-19 na cidade hist\u00f3rica \u00e9 resultado das a\u00e7\u00f5es desenvolvidas pelo governo Marcius Beltr\u00e3o\/Ronaldo Lopes, com anteced\u00eancia e firmeza de prop\u00f3sito. O acerto da preven\u00e7\u00e3o est\u00e1 comprovado, conforme revelam as estat\u00edsticas da Secretaria de &hellip;<\/p>\n","protected":false},"author":1,"featured_media":6722,"comment_status":"open","ping_status":"open","sticky":false,"template":"","format":"standard","meta":{"_jetpack_newsletter_access":"","_jetpack_dont_email_post_to_subs":false,"_jetpack_newsletter_tier_id":0,"_jetpack_memberships_contains_paywalled_content":false,"_jetpack_memberships_contains_paid_content":false,"footnotes":""},"categories":[1],"tags":[],"class_list":["post-6721","post","type-post","status-publish","format-standard","has-post-thumbnail","hentry","category-destaque"],"jetpack_sharing_enabled":true,"jetpack_featured_media_url":"","_links":{"self":[{"href":"https:\/\/www.oparanews.com.br\/index.php\/wp-json\/wp\/v2\/posts\/6721","targetHints":{"allow":["GET"]}}],"collection":[{"href":"https:\/\/www.oparanews.com.br\/index.php\/wp-json\/wp\/v2\/posts"}],"about":[{"href":"https:\/\/www.oparanews.com.br\/index.php\/wp-json\/wp\/v2\/types\/post"}],"author":[{"embeddable":true,"href":"https:\/\/www.oparanews.com.br\/index.php\/wp-json\/wp\/v2\/users\/1"}],"replies":[{"embeddable":true,"href":"https:\/\/www.oparanews.com.br\/index.php\/wp-json\/wp\/v2\/comments?post=6721"}],"version-history":[{"count":0,"href":"https:\/\/www.oparanews.com.br\/index.php\/wp-json\/wp\/v2\/posts\/6721\/revisions"}],"wp:attachment":[{"href":"https:\/\/www.oparanews.com.br\/index.php\/wp-json\/wp\/v2\/media?parent=6721"}],"wp:term":[{"taxonomy":"category","embeddable":true,"href":"https:\/\/www.oparanews.com.br\/index.php\/wp-json\/wp\/v2\/categories?post=6721"},{"taxonomy":"post_tag","embeddable":true,"href":"https:\/\/www.oparanews.com.br\/index.php\/wp-json\/wp\/v2\/tags?post=6721"}],"curies":[{"name":"wp","href":"https:\/\/api.w.org\/{rel}","templated":true}]}}