{"id":6737,"date":"2020-05-27T00:39:50","date_gmt":"2020-05-27T00:39:50","guid":{"rendered":"https:\/\/oparanews.com.br\/?p=6737"},"modified":"2020-05-27T00:39:50","modified_gmt":"2020-05-27T00:39:50","slug":"mpf-witzel-mantinha-comando-das-acoes-em-irregularidades","status":"publish","type":"post","link":"https:\/\/www.oparanews.com.br\/index.php\/2020\/05\/27\/mpf-witzel-mantinha-comando-das-acoes-em-irregularidades\/","title":{"rendered":"Witzel mantinha &#8220;comando das a\u00e7\u00f5es&#8221; em irregularidades"},"content":{"rendered":"<p>O governador do Rio de Janeiro, Wilson Witzel, tinha o &#8220;comando das a\u00e7\u00f5es&#8221; e era auxiliado pela primeira-dama do Estado, Helena Witzel, nas supostas irregularidades na \u00e1rea de sa\u00fade e na instala\u00e7\u00e3o de hospitais de campanha para combater a pandemia de Covid-19, afirmou o Minist\u00e9rio P\u00fablico Federal em representa\u00e7\u00e3o encaminhada ao Superior Tribunal de Justi\u00e7a (STJ) obtida pela Reuters.<\/p>\n<p>A Pol\u00edcia Federal realizou na manh\u00e3 desta ter\u00e7a-feira buscas e apreens\u00f5es em endere\u00e7os ligados diretamente a Witzel e \u00e0 esposa por ordem de ministro do STJ.<\/p>\n<p>O Minist\u00e9rio P\u00fablico Federal citou, no pedido encaminhado ao STJ, um relat\u00f3rio de informa\u00e7\u00e3o da Pol\u00edcia Federal em que \u00e9 descrito um email com documentos relacionados a pagamentos para a primeira-dama do Rio. O escrit\u00f3rio de advocacia da primeira-dama foi um dos avos de mandado de busca e apreens\u00e3o.<\/p>\n<p>&#8220;(&#8230;) O escrit\u00f3rio de advocacia da primeira-dama do Estado do Rio de Janeiro, H. A. B. W supostamente realizou contratos com empresas investigadas, sem que a investiga\u00e7\u00e3o, at\u00e9 o momento, encontra-se provas da presta\u00e7\u00e3o do respectivo servi\u00e7o, o que explicita poss\u00edvel exerc\u00edcio profissional voltado \u00e0 atividade delitiva&#8221;, disse o ministro do STJ, Benedito Barbosa, na decis\u00e3o.<\/p>\n<p>Na manifesta\u00e7\u00e3o ao STJ, o Minist\u00e9rio P\u00fablico Federal afirmou que h\u00e1 ind\u00edcios de &#8220;participa\u00e7\u00e3o ativa&#8221; de Witzel &#8220;quanto ao conhecimento e ao comando das contrata\u00e7\u00f5es realizadas com as empresas hora investigadas, mesmo sem ter assinado diretamente os documentos, vez que sempre divulgou todas as medidas em sua conta no Twitter&#8221;.<\/p>\n<p>O MPF chegou a citar no pedido que foram apresentados or\u00e7amentos fraudados para &#8220;servi\u00e7os de montagem e desmontagem de tendas, instala\u00e7\u00e3o de caixas d&#8217;\u00e1gua, geradores de energia e piso para a forma\u00e7\u00e3o da estrutura dos hospitais de campanha&#8221;.<\/p>\n<p>&#8220;Por fim, afirmam que as provas coletadas at\u00e9 esse momento indicam que, no n\u00facleo do Poder Executivo do Estado do Rio de Janeiro, foi criada uma estrutura hier\u00e1rquica, devidamente escalonada a partir do governador, que propiciou as contrata\u00e7\u00f5es sobre as quais pesam fortes ind\u00edcios de fraudes &#8220;, citou o MPF.<\/p>\n<p>Em nota, Witzel negou envolvimento em qualquer irregularidade e atribuiu a opera\u00e7\u00e3o desta ter\u00e7a a uma interfer\u00eancia do presidente da Rep\u00fablica, Jair Bolsonaro, de quem \u00e9 desafeto pol\u00edtico, ap\u00f3s o ex-ministro da Justi\u00e7a Sergio Moro acusar o presidente de buscar interferir politicamente na PF.<\/p>\n<p>&#8220;A interfer\u00eancia anunciada pelo presidente da Rep\u00fablica est\u00e1 devidamente oficializada. Estou \u00e0 disposi\u00e7\u00e3o da Justi\u00e7a, meus sigilos abertos e estou tranquilo sobre o desdobramento dos fatos&#8221;, disse o governador em nota.<\/p>\n<p>Mais tarde, em pronunciamento, Witzel disse que a opera\u00e7\u00e3o \u00e9 uma persegui\u00e7\u00e3o pol\u00edtica e reflexo de um Estado fascista e ditatorial que Bolsonaro tenta impor ao Brasil, e afirmou que a justi\u00e7a prevalecer\u00e1.<\/p>\n<p>&#8220;Vou lutar e apresentar tudo que for necess\u00e1rio para esclarecer e acabar com esse circo em rela\u00e7\u00e3o ao Estado do Rio&#8230; tenho certeza que a Justi\u00e7a vai ser feita no momento oportuno&#8221;, disse.<\/p>\n<p>Em nota, o escrit\u00f3rio HW Assessoria Jur\u00eddica, de Helena Witzel, disse que a dilig\u00eancia de busca e apreens\u00e3o em sua resid\u00eancia &#8220;nada encontrou que pudesse comprovar alega\u00e7\u00f5es de seus requerentes&#8221;.<\/p>\n<p>&#8220;A HW Assessoria Jur\u00eddica prestou servi\u00e7os para a empresa apontada pelo MPF, tendo recebido honor\u00e1rios, emitido nota fiscal e declarado regularmente os valores na declara\u00e7\u00e3o de Imposto de Renda do escrit\u00f3rio&#8221;, disse.<\/p>\n<p>Na nota, a advogada &#8220;reitera seu respeito \u00e0s institui\u00e7\u00f5es, mas lamenta que a opera\u00e7\u00e3o tenha sido imbu\u00edda de indisfar\u00e7ada motiva\u00e7\u00e3o pol\u00edtica&#8221;.<\/p>\n<p>&nbsp;<\/p>\n<p><strong>Fonte: Terra<\/strong><\/p>\n<p>&nbsp;<\/p>\n","protected":false},"excerpt":{"rendered":"<p>O governador do Rio de Janeiro, Wilson Witzel, tinha o &#8220;comando das a\u00e7\u00f5es&#8221; e era auxiliado pela primeira-dama do Estado, Helena Witzel, nas supostas irregularidades na \u00e1rea de sa\u00fade e na instala\u00e7\u00e3o de hospitais de campanha para combater a pandemia de Covid-19, afirmou o Minist\u00e9rio P\u00fablico Federal em representa\u00e7\u00e3o encaminhada ao Superior Tribunal de Justi\u00e7a &hellip;<\/p>\n","protected":false},"author":1,"featured_media":6738,"comment_status":"open","ping_status":"open","sticky":false,"template":"","format":"standard","meta":{"_jetpack_newsletter_access":"","_jetpack_dont_email_post_to_subs":false,"_jetpack_newsletter_tier_id":0,"_jetpack_memberships_contains_paywalled_content":false,"_jetpack_memberships_contains_paid_content":false,"footnotes":""},"categories":[1],"tags":[],"class_list":["post-6737","post","type-post","status-publish","format-standard","has-post-thumbnail","hentry","category-destaque"],"jetpack_sharing_enabled":true,"jetpack_featured_media_url":"","_links":{"self":[{"href":"https:\/\/www.oparanews.com.br\/index.php\/wp-json\/wp\/v2\/posts\/6737","targetHints":{"allow":["GET"]}}],"collection":[{"href":"https:\/\/www.oparanews.com.br\/index.php\/wp-json\/wp\/v2\/posts"}],"about":[{"href":"https:\/\/www.oparanews.com.br\/index.php\/wp-json\/wp\/v2\/types\/post"}],"author":[{"embeddable":true,"href":"https:\/\/www.oparanews.com.br\/index.php\/wp-json\/wp\/v2\/users\/1"}],"replies":[{"embeddable":true,"href":"https:\/\/www.oparanews.com.br\/index.php\/wp-json\/wp\/v2\/comments?post=6737"}],"version-history":[{"count":0,"href":"https:\/\/www.oparanews.com.br\/index.php\/wp-json\/wp\/v2\/posts\/6737\/revisions"}],"wp:attachment":[{"href":"https:\/\/www.oparanews.com.br\/index.php\/wp-json\/wp\/v2\/media?parent=6737"}],"wp:term":[{"taxonomy":"category","embeddable":true,"href":"https:\/\/www.oparanews.com.br\/index.php\/wp-json\/wp\/v2\/categories?post=6737"},{"taxonomy":"post_tag","embeddable":true,"href":"https:\/\/www.oparanews.com.br\/index.php\/wp-json\/wp\/v2\/tags?post=6737"}],"curies":[{"name":"wp","href":"https:\/\/api.w.org\/{rel}","templated":true}]}}