{"id":6741,"date":"2020-05-27T00:44:48","date_gmt":"2020-05-27T00:44:48","guid":{"rendered":"https:\/\/oparanews.com.br\/?p=6741"},"modified":"2020-05-27T00:44:48","modified_gmt":"2020-05-27T00:44:48","slug":"camara-de-vereadores-aprova-nova-estrutura-administrativa-do-saae","status":"publish","type":"post","link":"https:\/\/www.oparanews.com.br\/index.php\/2020\/05\/27\/camara-de-vereadores-aprova-nova-estrutura-administrativa-do-saae\/","title":{"rendered":"C\u00e2mara de vereadores aprova nova estrutura administrativa do SAAE"},"content":{"rendered":"<p>O projeto de Lei n\u00ba 015\/2020 que modifica a estrutura administrativa do Servi\u00e7o Aut\u00f4nomo de \u00c1gua e Esgoto (SAAE) para que a autarquia da Prefeitura de Penedo se adeque ao Plano Municipal de Saneamento B\u00e1sico foi aprovado nesta segunda-feira, 25, na C\u00e2mara Municipal de Penedo (CMP).<\/p>\n<p>O projeto que visa tornar Penedo como primeiro munic\u00edpio do Nordeste 100% saneado est\u00e1 previsto em conv\u00eanio de coopera\u00e7\u00e3o t\u00e9cnica, assinado em novembro de 2019 entre o SAAE e o Comit\u00ea da Bacia Hidrogr\u00e1fica do S\u00e3o Francisco (CBHSF).<\/p>\n<p>O Comit\u00ea preparou, por meio de ag\u00eancia especializada, o Plano Municipal de Saneamento, trabalho financiado com recursos da cobran\u00e7a sobre o uso das \u00e1guas do rio S\u00e3o Francisco. Para a execu\u00e7\u00e3o das obras, Penedo ter\u00e1 cerca de cento e trinta milh\u00f5es de reais, emenda parlamentar enviada pelo deputado federal Marx Beltr\u00e3o.<\/p>\n<p>A aprova\u00e7\u00e3o do PL n\u00ba 015 ocorreu durante sess\u00e3o extraordin\u00e1ria, realizada por meio de videoconfer\u00eancia, com a participa\u00e7\u00e3o de 14 dos 15 membros da atual legislatura. A vota\u00e7\u00e3o contabilizou 7 votos a favor e 6 contra.<\/p>\n<p>Vale ressaltar que o Presidente da Mesa Diretora da CMP s\u00f3 vota em caso de empate de votos no plen\u00e1rio. Os vereadores voltam a se reunir na pr\u00f3xima quinta-feira, novamente por meio de videoconfer\u00eancia, a partir das 14h30, em sess\u00e3o ordin\u00e1ria, conforme data e hor\u00e1rio regimental.<\/p>\n<p><strong>Fonte: Ascom CMP<\/strong><\/p>\n<p>&nbsp;<\/p>\n","protected":false},"excerpt":{"rendered":"<p>O projeto de Lei n\u00ba 015\/2020 que modifica a estrutura administrativa do Servi\u00e7o Aut\u00f4nomo de \u00c1gua e Esgoto (SAAE) para que a autarquia da Prefeitura de Penedo se adeque ao Plano Municipal de Saneamento B\u00e1sico foi aprovado nesta segunda-feira, 25, na C\u00e2mara Municipal de Penedo (CMP). O projeto que visa tornar Penedo como primeiro munic\u00edpio &hellip;<\/p>\n","protected":false},"author":1,"featured_media":6742,"comment_status":"open","ping_status":"open","sticky":false,"template":"","format":"standard","meta":{"_jetpack_newsletter_access":"","_jetpack_dont_email_post_to_subs":false,"_jetpack_newsletter_tier_id":0,"_jetpack_memberships_contains_paywalled_content":false,"_jetpack_memberships_contains_paid_content":false,"footnotes":""},"categories":[1],"tags":[],"class_list":["post-6741","post","type-post","status-publish","format-standard","has-post-thumbnail","hentry","category-destaque"],"jetpack_sharing_enabled":true,"jetpack_featured_media_url":"","_links":{"self":[{"href":"https:\/\/www.oparanews.com.br\/index.php\/wp-json\/wp\/v2\/posts\/6741","targetHints":{"allow":["GET"]}}],"collection":[{"href":"https:\/\/www.oparanews.com.br\/index.php\/wp-json\/wp\/v2\/posts"}],"about":[{"href":"https:\/\/www.oparanews.com.br\/index.php\/wp-json\/wp\/v2\/types\/post"}],"author":[{"embeddable":true,"href":"https:\/\/www.oparanews.com.br\/index.php\/wp-json\/wp\/v2\/users\/1"}],"replies":[{"embeddable":true,"href":"https:\/\/www.oparanews.com.br\/index.php\/wp-json\/wp\/v2\/comments?post=6741"}],"version-history":[{"count":0,"href":"https:\/\/www.oparanews.com.br\/index.php\/wp-json\/wp\/v2\/posts\/6741\/revisions"}],"wp:attachment":[{"href":"https:\/\/www.oparanews.com.br\/index.php\/wp-json\/wp\/v2\/media?parent=6741"}],"wp:term":[{"taxonomy":"category","embeddable":true,"href":"https:\/\/www.oparanews.com.br\/index.php\/wp-json\/wp\/v2\/categories?post=6741"},{"taxonomy":"post_tag","embeddable":true,"href":"https:\/\/www.oparanews.com.br\/index.php\/wp-json\/wp\/v2\/tags?post=6741"}],"curies":[{"name":"wp","href":"https:\/\/api.w.org\/{rel}","templated":true}]}}