{"id":6747,"date":"2020-05-27T01:21:26","date_gmt":"2020-05-27T01:21:26","guid":{"rendered":"https:\/\/oparanews.com.br\/?p=6747"},"modified":"2020-05-27T01:21:26","modified_gmt":"2020-05-27T01:21:26","slug":"aracy-balabanian-e-internada-em-cti-com-falta-de-ar","status":"publish","type":"post","link":"https:\/\/www.oparanews.com.br\/index.php\/2020\/05\/27\/aracy-balabanian-e-internada-em-cti-com-falta-de-ar\/","title":{"rendered":"Aracy Balabanian \u00e9 internada em CTI com falta de ar"},"content":{"rendered":"<p>A atriz Aracy Balabanian, de 80 anos, est\u00e1 internada desde a noite de ontem no Centro de Terapia Intensiva (CTI) da Casa de Sa\u00fade S\u00e3o Jos\u00e9, no Rio de Janeiro. Ela deu entrada no hospital ap\u00f3s sofrer uma crise de insufici\u00eancia respirat\u00f3ria. Aracy realiza neste momento uma s\u00e9rie de exames para saber o motivo da falta de ar, entre eles um teste de covid-19.<\/p>\n<p>Em contato com a reportagem do UOL, a Casa de Sa\u00fade S\u00e3o Jos\u00e9 disse que seu estado de sa\u00fade inspira cuidados. &#8220;A Casa de Sa\u00fade S\u00e3o Jos\u00e9 informa que a atriz Aracy Balabanian foi internada ontem, dia 25\/05, no CTI, com quadro de insufici\u00eancia respirat\u00f3ria. Seu estado de sa\u00fade inspira cuidados e a equipe m\u00e9dica est\u00e1 realizando uma s\u00e9rie de exames, entre eles o teste de covid-19, ainda sem confirma\u00e7\u00e3o do resultado&#8221;, disse o hospital em um comunicado.<\/p>\n<p>&nbsp;<\/p>\n<p><strong>Fonte: UOL<\/strong><\/p>\n<p>&nbsp;<\/p>\n","protected":false},"excerpt":{"rendered":"<p>A atriz Aracy Balabanian, de 80 anos, est\u00e1 internada desde a noite de ontem no Centro de Terapia Intensiva (CTI) da Casa de Sa\u00fade S\u00e3o Jos\u00e9, no Rio de Janeiro. Ela deu entrada no hospital ap\u00f3s sofrer uma crise de insufici\u00eancia respirat\u00f3ria. Aracy realiza neste momento uma s\u00e9rie de exames para saber o motivo da &hellip;<\/p>\n","protected":false},"author":1,"featured_media":6748,"comment_status":"open","ping_status":"open","sticky":false,"template":"","format":"standard","meta":{"_jetpack_newsletter_access":"","_jetpack_dont_email_post_to_subs":false,"_jetpack_newsletter_tier_id":0,"_jetpack_memberships_contains_paywalled_content":false,"_jetpack_memberships_contains_paid_content":false,"footnotes":""},"categories":[1],"tags":[],"class_list":["post-6747","post","type-post","status-publish","format-standard","has-post-thumbnail","hentry","category-destaque"],"jetpack_sharing_enabled":true,"jetpack_featured_media_url":"","_links":{"self":[{"href":"https:\/\/www.oparanews.com.br\/index.php\/wp-json\/wp\/v2\/posts\/6747","targetHints":{"allow":["GET"]}}],"collection":[{"href":"https:\/\/www.oparanews.com.br\/index.php\/wp-json\/wp\/v2\/posts"}],"about":[{"href":"https:\/\/www.oparanews.com.br\/index.php\/wp-json\/wp\/v2\/types\/post"}],"author":[{"embeddable":true,"href":"https:\/\/www.oparanews.com.br\/index.php\/wp-json\/wp\/v2\/users\/1"}],"replies":[{"embeddable":true,"href":"https:\/\/www.oparanews.com.br\/index.php\/wp-json\/wp\/v2\/comments?post=6747"}],"version-history":[{"count":0,"href":"https:\/\/www.oparanews.com.br\/index.php\/wp-json\/wp\/v2\/posts\/6747\/revisions"}],"wp:attachment":[{"href":"https:\/\/www.oparanews.com.br\/index.php\/wp-json\/wp\/v2\/media?parent=6747"}],"wp:term":[{"taxonomy":"category","embeddable":true,"href":"https:\/\/www.oparanews.com.br\/index.php\/wp-json\/wp\/v2\/categories?post=6747"},{"taxonomy":"post_tag","embeddable":true,"href":"https:\/\/www.oparanews.com.br\/index.php\/wp-json\/wp\/v2\/tags?post=6747"}],"curies":[{"name":"wp","href":"https:\/\/api.w.org\/{rel}","templated":true}]}}