{"id":6759,"date":"2020-05-27T01:34:06","date_gmt":"2020-05-27T01:34:06","guid":{"rendered":"https:\/\/oparanews.com.br\/?p=6759"},"modified":"2020-05-27T01:34:06","modified_gmt":"2020-05-27T01:34:06","slug":"camara-aprova-salario-minimo-de-r-1-045-em-2020","status":"publish","type":"post","link":"https:\/\/www.oparanews.com.br\/index.php\/2020\/05\/27\/camara-aprova-salario-minimo-de-r-1-045-em-2020\/","title":{"rendered":"C\u00e2mara aprova sal\u00e1rio m\u00ednimo de R$ 1.045 em 2020"},"content":{"rendered":"<p>Sem altera\u00e7\u00e3o em rela\u00e7\u00e3o ao texto editado pelo governo, o plen\u00e1rio da C\u00e2mara aprovou a medida provis\u00f3ria 919 que define em R$ 1.045 o sal\u00e1rio m\u00ednimo para 2020 a partir de 1\u00ba de fevereiro. O valor \u00e9 R$ 6 a mais do que o de R$ 1.039, inicialmente fixado pelo governo na MP 916, de 31 de dezembro de 2019, que foi revogada ainda em janeiro.<\/p>\n<p>O novo sal\u00e1rio m\u00ednimo j\u00e1 est\u00e1 em vigor porque foi fixado em uma MP, que tem vig\u00eancia imediata. O Congresso, por\u00e9m, precisa aprovar o texto para que ele n\u00e3o perca a validade. Agora o texto vai ao Senado.<\/p>\n<p>O relator deputado Coronel Armando (PSL-SC), da base do presidente Jair Bolsonaro, n\u00e3o acatou em seu texto propostas de aumento real (acima da infla\u00e7\u00e3o) para o piso salarial. &#8220;Para este ano n\u00e3o tem condi\u00e7\u00f5es desta pol\u00edtica ser implementada. Nesse momento temos de preservar emprego&#8221;, disse Armando, se referindo \u00e0 crise econ\u00f4mica provocada pela pandemia.<\/p>\n<p>Armando n\u00e3o acatou nenhuma das 44 emendas apresentadas \u00e0 MP e isso deve gerar pol\u00eamica no plen\u00e1rio. &#8220;Eu enviei a cada parlamentar o relat\u00f3rio explicando porque n\u00e3o estava aceitando&#8221;, disse o deputado que faz parte da base do governo de Jair Bolsonaro na C\u00e2mara.<\/p>\n<p><strong>Aumento de R$ 11<\/strong><\/p>\n<p>Entre as emendas n\u00e3o aceitas, havia uma do presidente do Solidariedade, deputado Paulo Pereira da Silva (SP), o Paulinho da For\u00e7a, que pretendia garantir aumento real ao piso nacional j\u00e1 este ano. Pela proposta, o valor subiria cerca de R$ 11 a mais em rela\u00e7\u00e3o ao atual, o que representa mais de R$ 3,3 bilh\u00f5es s\u00f3 neste ano.<\/p>\n<p>Em 31 de dezembro de 2019, uma medida provis\u00f3ria estipulou para 2020 o valor de R$ 1.039, com base em proje\u00e7\u00e3o de infla\u00e7\u00e3o. Mas o \u00cdndice Nacional de Pre\u00e7os ao Consumidor (INPC), que corrige o m\u00ednimo, ficou em 4,48% no ano passado. Assim, o reajuste do sal\u00e1rio m\u00ednimo ficaria abaixo da infla\u00e7\u00e3o.<\/p>\n<p>De acordo com c\u00e1lculos do governo, o aumento de cada R$ 1 no sal\u00e1rio m\u00ednimo implica despesa extra em 2020 de aproximadamente R$ 355,5 milh\u00f5es. Com o reajuste para R$ 1.045, o impacto estimado \u00e9 de R$ 2,3 bilh\u00f5es.<\/p>\n<p>&nbsp;<\/p>\n<p><strong>Fonte: Terra<\/strong><\/p>\n<p>&nbsp;<\/p>\n","protected":false},"excerpt":{"rendered":"<p>Sem altera\u00e7\u00e3o em rela\u00e7\u00e3o ao texto editado pelo governo, o plen\u00e1rio da C\u00e2mara aprovou a medida provis\u00f3ria 919 que define em R$ 1.045 o sal\u00e1rio m\u00ednimo para 2020 a partir de 1\u00ba de fevereiro. O valor \u00e9 R$ 6 a mais do que o de R$ 1.039, inicialmente fixado pelo governo na MP 916, de &hellip;<\/p>\n","protected":false},"author":1,"featured_media":6760,"comment_status":"open","ping_status":"open","sticky":false,"template":"","format":"standard","meta":{"_jetpack_newsletter_access":"","_jetpack_dont_email_post_to_subs":false,"_jetpack_newsletter_tier_id":0,"_jetpack_memberships_contains_paywalled_content":false,"_jetpack_memberships_contains_paid_content":false,"footnotes":""},"categories":[1],"tags":[],"class_list":["post-6759","post","type-post","status-publish","format-standard","has-post-thumbnail","hentry","category-destaque"],"jetpack_sharing_enabled":true,"jetpack_featured_media_url":"","_links":{"self":[{"href":"https:\/\/www.oparanews.com.br\/index.php\/wp-json\/wp\/v2\/posts\/6759","targetHints":{"allow":["GET"]}}],"collection":[{"href":"https:\/\/www.oparanews.com.br\/index.php\/wp-json\/wp\/v2\/posts"}],"about":[{"href":"https:\/\/www.oparanews.com.br\/index.php\/wp-json\/wp\/v2\/types\/post"}],"author":[{"embeddable":true,"href":"https:\/\/www.oparanews.com.br\/index.php\/wp-json\/wp\/v2\/users\/1"}],"replies":[{"embeddable":true,"href":"https:\/\/www.oparanews.com.br\/index.php\/wp-json\/wp\/v2\/comments?post=6759"}],"version-history":[{"count":0,"href":"https:\/\/www.oparanews.com.br\/index.php\/wp-json\/wp\/v2\/posts\/6759\/revisions"}],"wp:attachment":[{"href":"https:\/\/www.oparanews.com.br\/index.php\/wp-json\/wp\/v2\/media?parent=6759"}],"wp:term":[{"taxonomy":"category","embeddable":true,"href":"https:\/\/www.oparanews.com.br\/index.php\/wp-json\/wp\/v2\/categories?post=6759"},{"taxonomy":"post_tag","embeddable":true,"href":"https:\/\/www.oparanews.com.br\/index.php\/wp-json\/wp\/v2\/tags?post=6759"}],"curies":[{"name":"wp","href":"https:\/\/api.w.org\/{rel}","templated":true}]}}