{"id":6762,"date":"2020-05-27T02:16:54","date_gmt":"2020-05-27T02:16:54","guid":{"rendered":"https:\/\/oparanews.com.br\/?p=6762"},"modified":"2020-05-27T02:16:54","modified_gmt":"2020-05-27T02:16:54","slug":"prefeito-de-penedo-discute-com-empresarios-abertura-gradual-do-comercio","status":"publish","type":"post","link":"https:\/\/www.oparanews.com.br\/index.php\/2020\/05\/27\/prefeito-de-penedo-discute-com-empresarios-abertura-gradual-do-comercio\/","title":{"rendered":"Prefeito de Penedo discute com empres\u00e1rios abertura gradual do com\u00e9rcio"},"content":{"rendered":"<p>O mundo enfrenta uma pandemia e os reflexos afetam diversos setores, do pequeno agricultor familiar, ao empres\u00e1rio de um grande centro fabril, em diferentes partes do mundo. Isso n\u00e3o poderia ser diferente em Penedo. Mais uma das cidades brasileiras que seguem os protocolos de enfrentamento ao v\u00edrus. Buscando tra\u00e7ar um plano para a reabertura gradual do com\u00e9rcio, o prefeito Marcius Beltr\u00e3o (PDT), participou nesta ter\u00e7a-feira (26), de videoconfer\u00eancia com secret\u00e1rios, presidentes de entidades e empres\u00e1rios de diversos segmentos.<\/p>\n<p>O debate foi proposto pelo Sindicato do Com\u00e9rcio Varejista de Penedo (Sindilojas) e mediado por sua presidenta, Ana Luiza Soares. A dirigente e tamb\u00e9m empres\u00e1ria, conduziu as perguntas, abriu para os questionamentos dos participantes e afirmou que os empres\u00e1rios est\u00e3o prontos para construir, com o Munic\u00edpio e a C\u00e2mara de Vereadores, um protocolo de flexibiliza\u00e7\u00e3o.<\/p>\n<p>\u201cPrimeiramente, quero agradecer a participa\u00e7\u00e3o de todos e do prefeito neste debate. Tamb\u00e9m afirmo que os empres\u00e1rios est\u00e3o unidos e querem participar deste processo de constru\u00e7\u00e3o de reabertura gradual do com\u00e9rcio. J\u00e1 adianto que o Sindicato vai enviar \u00e0 C\u00e2mara uma solicita\u00e7\u00e3o de participa\u00e7\u00e3o dos empres\u00e1rios nos debates relacionados ao Projeto de Lei que estabelece san\u00e7\u00f5es para quem descumprir os protocolos sanit\u00e1rios. O com\u00e9rcio apoia a iniciativa\u201d, afirmou Ana Luiza Soares.<\/p>\n<p><strong>ESTRUTURA DA SA\u00daDE<\/strong><\/p>\n<p>Empres\u00e1rios tamb\u00e9m questionaram o prefeito sobre a estrutura que o Munic\u00edpio disp\u00f5e para o enfretamento ao Coronav\u00edrus. E se a abertura gradual do com\u00e9rcio fica condicionada ao funcionamento dos leitos de Unidade de Terapia Intensiva (UTI). O chefe do Executivo explicou:<\/p>\n<p>\u201cO pr\u00e9dio do antigo SEMEP se encontra em reforma, o que deve durar cerca de 30 dias. Ser\u00e3o 10 leitos de UTI e 43 de retaguarda. Esse aparato ficar\u00e1 permanente para Penedo, n\u00e3o apenas durante a pandemia. Tamb\u00e9m estamos montando um Centro de S\u00edndromes Gripais na Escola Santa Luzia, as camas devem chegar at\u00e9 quinta. A Santa Casa de Miseric\u00f3rdia tamb\u00e9m vai entrar na luta. A entidade pretende instalar sete leitos de UTI e 10 de retaguarda. Tudo isso ser\u00e1 para enfrentar o v\u00edrus. E estamos comprando 5 mil testes de imunofluoresc\u00eancia de detec\u00e7\u00e3o do Coronav\u00edrus. Com essa estrutura, o Governo de Alagoas vai tornar Penedo refer\u00eancia de uma microrregi\u00e3o, buscando desafogar outras cidades\u201d.<\/p>\n<p>Quanto ao condicionamento de abrir o com\u00e9rcio s\u00f3 com UTI j\u00e1 em pleno funcionamento, Marcius Beltr\u00e3o explicou: \u201cIsso podemos rever com o apoio dos empres\u00e1rios, conscientiza\u00e7\u00e3o da popula\u00e7\u00e3o e instrumentos legais para aplicar san\u00e7\u00f5es aos que n\u00e3o queiram cumprir as orienta\u00e7\u00f5es. N\u00e3o irei abrir o com\u00e9rcio diferente disso. Por\u00e9m, quero a participa\u00e7\u00e3o de todos nesta luta. At\u00e9 porque, teremos que discutir com o Tribunal de Justi\u00e7a de Alagoas, visto que, existe uma portaria orientando que as Prefeituras sigam o decreto estadual.\u201d<\/p>\n<p><strong>TRANSPORTE COLETIVO E FAKE NEWS<\/strong><\/p>\n<p>Presente \u00e0 videoconfer\u00eancia, o secret\u00e1rio de Desenvolvimento Econ\u00f4mico e Turismo, Pedro Soares, reafirmou a necessidade de um plano para que o com\u00e9rcio possa ser reaberto gradativamente e tamb\u00e9m lembrou para que todos deixem de escutar informa\u00e7\u00f5es que n\u00e3o partam de meios oficiais.<\/p>\n<p>\u201cPara pensarmos na reabertura \u00e9 essencial um plano. N\u00e3o devemos pensar em abrir o com\u00e9rcio de qualquer forma. Precisamos seguir todas as orienta\u00e7\u00f5es dos \u00f3rg\u00e3os competentes. E quero lembrar aos presentes, que uma coisa muito importante neste momento \u00e9 deixar de dar ouvidos a qualquer tipo de informa\u00e7\u00e3o. Fake News n\u00e3o vai nos ajudar em nada. O prefeito \u00e9 uma pessoa aberta ao debate, onde voc\u00eas podem ter acesso para dirimir d\u00favidas, existem os assessores diretos e a mim como secret\u00e1rio desta \u00e1rea. Vamos trabalhar para que tudo ocorra da forma correta\u201d, pontuo o gestor da Sedetur.<\/p>\n<p>O prefeito tamb\u00e9m disse que vai incluir no plano o retorno do transporte coletivo. Por\u00e9m, ser\u00e1 necess\u00e1rio, se vier a ocorrer, que todos sigam algumas orienta\u00e7\u00f5es. \u201cVou incluir os propriet\u00e1rios de \u00f4nibus neste plano. Lembrando que se a conversa andar, eles ter\u00e3o que se adequar, seguir algumas orienta\u00e7\u00f5es sanit\u00e1rias. Claro, que eles ir\u00e3o analisar se \u00e9 vi\u00e1vel o retorno neste momento, porque dentro das recomenda\u00e7\u00f5es, o transporte de passageiros dever\u00e1 ter a lota\u00e7\u00e3o reduzida, todos com m\u00e1scaras e sem ocupantes de p\u00e9\u201d, encerrou o prefeito de Penedo de Marcius Beltr\u00e3o.<\/p>\n<p>Ao final, ficou definido a forma\u00e7\u00e3o de uma comiss\u00e3o com empres\u00e1rios, vereadores, Vigil\u00e2ncia Sanit\u00e1ria, Assist\u00eancia Social e Seguran\u00e7a P\u00fablica. Os trabalhos para a elabora\u00e7\u00e3o do plano de abertura gradual do com\u00e9rcio j\u00e1 devem iniciar ainda nesta semana. O gestor tamb\u00e9m deixou bem claro que se flexibilizar o com\u00e9rcio e os n\u00fameros se contaminados aumentaram, tudo dever\u00e1 ser fechado novamente.<\/p>\n<p>&nbsp;<\/p>\n<p><strong>por Roberto Miranda<\/strong><\/p>\n<p>&nbsp;<\/p>\n","protected":false},"excerpt":{"rendered":"<p>O mundo enfrenta uma pandemia e os reflexos afetam diversos setores, do pequeno agricultor familiar, ao empres\u00e1rio de um grande centro fabril, em diferentes partes do mundo. Isso n\u00e3o poderia ser diferente em Penedo. Mais uma das cidades brasileiras que seguem os protocolos de enfrentamento ao v\u00edrus. Buscando tra\u00e7ar um plano para a reabertura gradual &hellip;<\/p>\n","protected":false},"author":1,"featured_media":6763,"comment_status":"open","ping_status":"open","sticky":false,"template":"","format":"standard","meta":{"_jetpack_newsletter_access":"","_jetpack_dont_email_post_to_subs":false,"_jetpack_newsletter_tier_id":0,"_jetpack_memberships_contains_paywalled_content":false,"_jetpack_memberships_contains_paid_content":false,"footnotes":""},"categories":[1],"tags":[],"class_list":["post-6762","post","type-post","status-publish","format-standard","has-post-thumbnail","hentry","category-destaque"],"jetpack_sharing_enabled":true,"jetpack_featured_media_url":"","_links":{"self":[{"href":"https:\/\/www.oparanews.com.br\/index.php\/wp-json\/wp\/v2\/posts\/6762","targetHints":{"allow":["GET"]}}],"collection":[{"href":"https:\/\/www.oparanews.com.br\/index.php\/wp-json\/wp\/v2\/posts"}],"about":[{"href":"https:\/\/www.oparanews.com.br\/index.php\/wp-json\/wp\/v2\/types\/post"}],"author":[{"embeddable":true,"href":"https:\/\/www.oparanews.com.br\/index.php\/wp-json\/wp\/v2\/users\/1"}],"replies":[{"embeddable":true,"href":"https:\/\/www.oparanews.com.br\/index.php\/wp-json\/wp\/v2\/comments?post=6762"}],"version-history":[{"count":0,"href":"https:\/\/www.oparanews.com.br\/index.php\/wp-json\/wp\/v2\/posts\/6762\/revisions"}],"wp:attachment":[{"href":"https:\/\/www.oparanews.com.br\/index.php\/wp-json\/wp\/v2\/media?parent=6762"}],"wp:term":[{"taxonomy":"category","embeddable":true,"href":"https:\/\/www.oparanews.com.br\/index.php\/wp-json\/wp\/v2\/categories?post=6762"},{"taxonomy":"post_tag","embeddable":true,"href":"https:\/\/www.oparanews.com.br\/index.php\/wp-json\/wp\/v2\/tags?post=6762"}],"curies":[{"name":"wp","href":"https:\/\/api.w.org\/{rel}","templated":true}]}}