{"id":6765,"date":"2020-05-27T02:59:42","date_gmt":"2020-05-27T02:59:42","guid":{"rendered":"https:\/\/oparanews.com.br\/?p=6765"},"modified":"2020-05-27T02:59:42","modified_gmt":"2020-05-27T02:59:42","slug":"audio-marcius-beltrao-detalha-acoes-de-combate-ao-covid-19-em-penedo","status":"publish","type":"post","link":"https:\/\/www.oparanews.com.br\/index.php\/2020\/05\/27\/audio-marcius-beltrao-detalha-acoes-de-combate-ao-covid-19-em-penedo\/","title":{"rendered":"\u00c1UDIO: Marcius Beltr\u00e3o detalha a\u00e7\u00f5es de combate ao Covid-19 em Penedo"},"content":{"rendered":"<p>O prefeito municipal de Penedo, Marcius Beltr\u00e3o, concedeu uma entrevista exclusiva ao Programa Grande Rio Esporte desta ter\u00e7a-feira, 26, e falou sobre as a\u00e7\u00f5es que est\u00e3o sendo desenvolvidas em Penedo para o combate ao novo coronav\u00edrus &#8211; Covid 19.<\/p>\n<p>Na oportunidade Marcius Beltr\u00e3o falou tamb\u00e9m sobre os acontecimentos pol\u00edticos na cidade de Penedo e Coruripe, onde seu irm\u00e3o Marcelo Beltr\u00e3o \u00e9 pr\u00e9 candidato a prefeito.<\/p>\n<p><strong>MARCIUS BELTR\u00c3O &#8211; PARTE 01<\/strong><\/p>\n<audio class=\"wp-audio-shortcode\" id=\"audio-6765-1\" preload=\"none\" style=\"width: 100%;\" controls=\"controls\"><source type=\"audio\/mpeg\" src=\"https:\/\/oparanews.com.br\/wp-content\/uploads\/2020\/05\/AUDIO-MARCIUS-PARTE-01.mp3?_=1\" \/><a href=\"https:\/\/oparanews.com.br\/wp-content\/uploads\/2020\/05\/AUDIO-MARCIUS-PARTE-01.mp3\">https:\/\/oparanews.com.br\/wp-content\/uploads\/2020\/05\/AUDIO-MARCIUS-PARTE-01.mp3<\/a><\/audio>\n<p><strong>MARCIUS BELTR\u00c3O &#8211; PARTE 02<\/strong><\/p>\n<audio class=\"wp-audio-shortcode\" id=\"audio-6765-2\" preload=\"none\" style=\"width: 100%;\" controls=\"controls\"><source type=\"audio\/mpeg\" src=\"https:\/\/oparanews.com.br\/wp-content\/uploads\/2020\/05\/AUDIO-MARCIUS-PARTE-02.mp3?_=2\" \/><a href=\"https:\/\/oparanews.com.br\/wp-content\/uploads\/2020\/05\/AUDIO-MARCIUS-PARTE-02.mp3\">https:\/\/oparanews.com.br\/wp-content\/uploads\/2020\/05\/AUDIO-MARCIUS-PARTE-02.mp3<\/a><\/audio>\n<p><strong>MARCIUS BELTR\u00c3O &#8211; PARTE 03<\/strong><\/p>\n<audio class=\"wp-audio-shortcode\" id=\"audio-6765-3\" preload=\"none\" style=\"width: 100%;\" controls=\"controls\"><source type=\"audio\/mpeg\" src=\"https:\/\/oparanews.com.br\/wp-content\/uploads\/2020\/05\/AUDIO-MARCIUS-PARTE-03.mp3?_=3\" \/><a href=\"https:\/\/oparanews.com.br\/wp-content\/uploads\/2020\/05\/AUDIO-MARCIUS-PARTE-03.mp3\">https:\/\/oparanews.com.br\/wp-content\/uploads\/2020\/05\/AUDIO-MARCIUS-PARTE-03.mp3<\/a><\/audio>\n<p>&nbsp;<\/p>\n<p><strong>por Reda\u00e7\u00e3o<\/strong><\/p>\n<p>&nbsp;<\/p>\n","protected":false},"excerpt":{"rendered":"<p>O prefeito municipal de Penedo, Marcius Beltr\u00e3o, concedeu uma entrevista exclusiva ao Programa Grande Rio Esporte desta ter\u00e7a-feira, 26, e falou sobre as a\u00e7\u00f5es que est\u00e3o sendo desenvolvidas em Penedo para o combate ao novo coronav\u00edrus &#8211; Covid 19. Na oportunidade Marcius Beltr\u00e3o falou tamb\u00e9m sobre os acontecimentos pol\u00edticos na cidade de Penedo e Coruripe, &hellip;<\/p>\n","protected":false},"author":1,"featured_media":6769,"comment_status":"open","ping_status":"open","sticky":false,"template":"","format":"standard","meta":{"_jetpack_newsletter_access":"","_jetpack_dont_email_post_to_subs":false,"_jetpack_newsletter_tier_id":0,"_jetpack_memberships_contains_paywalled_content":false,"_jetpack_memberships_contains_paid_content":false,"footnotes":""},"categories":[1],"tags":[],"class_list":["post-6765","post","type-post","status-publish","format-standard","has-post-thumbnail","hentry","category-destaque"],"jetpack_sharing_enabled":true,"jetpack_featured_media_url":"","_links":{"self":[{"href":"https:\/\/www.oparanews.com.br\/index.php\/wp-json\/wp\/v2\/posts\/6765","targetHints":{"allow":["GET"]}}],"collection":[{"href":"https:\/\/www.oparanews.com.br\/index.php\/wp-json\/wp\/v2\/posts"}],"about":[{"href":"https:\/\/www.oparanews.com.br\/index.php\/wp-json\/wp\/v2\/types\/post"}],"author":[{"embeddable":true,"href":"https:\/\/www.oparanews.com.br\/index.php\/wp-json\/wp\/v2\/users\/1"}],"replies":[{"embeddable":true,"href":"https:\/\/www.oparanews.com.br\/index.php\/wp-json\/wp\/v2\/comments?post=6765"}],"version-history":[{"count":0,"href":"https:\/\/www.oparanews.com.br\/index.php\/wp-json\/wp\/v2\/posts\/6765\/revisions"}],"wp:attachment":[{"href":"https:\/\/www.oparanews.com.br\/index.php\/wp-json\/wp\/v2\/media?parent=6765"}],"wp:term":[{"taxonomy":"category","embeddable":true,"href":"https:\/\/www.oparanews.com.br\/index.php\/wp-json\/wp\/v2\/categories?post=6765"},{"taxonomy":"post_tag","embeddable":true,"href":"https:\/\/www.oparanews.com.br\/index.php\/wp-json\/wp\/v2\/tags?post=6765"}],"curies":[{"name":"wp","href":"https:\/\/api.w.org\/{rel}","templated":true}]}}