{"id":6777,"date":"2020-05-28T01:33:26","date_gmt":"2020-05-28T01:33:26","guid":{"rendered":"https:\/\/oparanews.com.br\/?p=6777"},"modified":"2020-05-28T01:33:26","modified_gmt":"2020-05-28T01:33:26","slug":"governo-vai-enfrentar-stf-e-quer-habeas-corpus-a-weintraub","status":"publish","type":"post","link":"https:\/\/www.oparanews.com.br\/index.php\/2020\/05\/28\/governo-vai-enfrentar-stf-e-quer-habeas-corpus-a-weintraub\/","title":{"rendered":"Governo vai enfrentar STF e quer habeas corpus a Weintraub"},"content":{"rendered":"<p>Ap\u00f3s uma reuni\u00e3o de emerg\u00eancia no Pal\u00e1cio do Planalto, na tarde desta quarta-feira, 27, o governo discute detalhes de um habeas corpus preventivo ao ministro da Educa\u00e7\u00e3o, Abraham Weintraub, que foi convocado pelo Supremo Tribunal Federal a prestar depoimento na Pol\u00edcia Federal ap\u00f3s cr\u00edticas aos integrantes da Corte.<\/p>\n<p>Nesta noite, o texto est\u00e1 sendo debatido pelo presidente Jair Bolsonaro e o ministro da Justi\u00e7a, Andr\u00e9 Luiz Mendon\u00e7a, no Pal\u00e1cio da Alvorada. O ministro da Advocacia-Geral da Uni\u00e3o, Levi Mello, deve se juntar a eles.<\/p>\n<p>Ao chegar \u00e0 resid\u00eancia oficial nesta noite, Bolsonaro, sem citar o STF, disse aos apoiadores que trabalhar\u00e1 at\u00e9 meia-noite junto com Mendon\u00e7a. &#8220;T\u00f4 trazendo trabalho pra casa, t\u00f4 com o ministro da Justi\u00e7a para trabalhar at\u00e9 a meia-noite para resolver alguns problemas, t\u00e1 ok?&#8221;, afirmou ele, apontando para o ministro.<\/p>\n<p>De acordo com auxiliares do presidente, a divulga\u00e7\u00e3o de uma nota conjunta recha\u00e7ando a atua\u00e7\u00e3o do STF continua sendo discutida no governo. Tamb\u00e9m n\u00e3o est\u00e1 descartada uma renomea\u00e7\u00e3o de Alexandre Ramagem, atual chefe da Ag\u00eancia Brasileira de Intelig\u00eancia (Abin), para a chefia da Pol\u00edcia Federal. Pr\u00f3ximo da fam\u00edlia Bolsonaro, Ramagem foi impedido de assumir o cargo por uma liminar do ministro Alexandre de Moraes, que viu ali &#8220;desvio de finalidade&#8221;.<\/p>\n<p>Nesta tarde, todos os ministros que estavam em Bras\u00edlia foram convocados de \u00faltima hora para discutir uma rea\u00e7\u00e3o \u00e0s medidas do STF ap\u00f3s a opera\u00e7\u00e3o da Pol\u00edcia Federal, que teve como alvos blogueiros e empres\u00e1rios apoiadores do presidente. Ministros e assessores criticaram a opera\u00e7\u00e3o ao longo do dia.<\/p>\n<p>O encontro debateu a recusa de Weintraub de comparecer ao depoimento determinado por Alexandre de Moraes para esclarecer ataques que fez a ministros da Corte. A proposta foi levada pelo Gabinete de Seguran\u00e7a Institucional (GSI) e discutida pelos ministros da \u00e1rea jur\u00eddica.<\/p>\n<p>Em reuni\u00e3o com o presidente e outros ministros, no dia 22 de abril, Weintraub disse que, se dependesse dele, &#8220;botava esses vagabundos todos na cadeia, come\u00e7ando no STF&#8221;. O ministro ter\u00e1 agora cinco dias para prestar depoimento \u00e0 Pol\u00edcia Federal (PF).<\/p>\n<p>O depoimento foi determinado na ter\u00e7a-feira, 26, por Moraes no \u00e2mbito do inqu\u00e9rito das fake news, que apura amea\u00e7as, cal\u00fanias e ofensas disseminadas contra integrantes do Supremo e suas fam\u00edlias. \u00c9 a mesma investiga\u00e7\u00e3o em que a PF realizou a opera\u00e7\u00e3o desta quarta-feira.<\/p>\n<p>As buscas e apreens\u00f5es em endere\u00e7os de apoiadores de Bolsonaro incomodaram at\u00e9 mesmo integrantes da ala que costuma defender pondera\u00e7\u00e3o nas a\u00e7\u00f5es do governo. A avalia\u00e7\u00e3o \u00e9 de que houve abuso na opera\u00e7\u00e3o.<\/p>\n<p>Na reuni\u00e3o desta quarta no Pal\u00e1cio do Planalto, segundo apurou o Estad\u00e3o, Bolsonaro listou decis\u00f5es do Supremo que, em sua vis\u00e3o, representam excessos da Corte. Na lista consta tamb\u00e9m a divulga\u00e7\u00e3o do v\u00eddeo da reuni\u00e3o do dia 22 de abril, determinada pelo ministro Celso de Mello no inqu\u00e9rito que apura interfer\u00eancia do presidente na Pol\u00edcia Federal.<\/p>\n<p>&nbsp;<\/p>\n<p><strong>Fonte: Terra<\/strong><\/p>\n<p>&nbsp;<\/p>\n","protected":false},"excerpt":{"rendered":"<p>Ap\u00f3s uma reuni\u00e3o de emerg\u00eancia no Pal\u00e1cio do Planalto, na tarde desta quarta-feira, 27, o governo discute detalhes de um habeas corpus preventivo ao ministro da Educa\u00e7\u00e3o, Abraham Weintraub, que foi convocado pelo Supremo Tribunal Federal a prestar depoimento na Pol\u00edcia Federal ap\u00f3s cr\u00edticas aos integrantes da Corte. Nesta noite, o texto est\u00e1 sendo debatido &hellip;<\/p>\n","protected":false},"author":1,"featured_media":6778,"comment_status":"open","ping_status":"open","sticky":false,"template":"","format":"standard","meta":{"_jetpack_newsletter_access":"","_jetpack_dont_email_post_to_subs":false,"_jetpack_newsletter_tier_id":0,"_jetpack_memberships_contains_paywalled_content":false,"_jetpack_memberships_contains_paid_content":false,"footnotes":""},"categories":[1],"tags":[],"class_list":["post-6777","post","type-post","status-publish","format-standard","has-post-thumbnail","hentry","category-destaque"],"jetpack_sharing_enabled":true,"jetpack_featured_media_url":"","_links":{"self":[{"href":"https:\/\/www.oparanews.com.br\/index.php\/wp-json\/wp\/v2\/posts\/6777","targetHints":{"allow":["GET"]}}],"collection":[{"href":"https:\/\/www.oparanews.com.br\/index.php\/wp-json\/wp\/v2\/posts"}],"about":[{"href":"https:\/\/www.oparanews.com.br\/index.php\/wp-json\/wp\/v2\/types\/post"}],"author":[{"embeddable":true,"href":"https:\/\/www.oparanews.com.br\/index.php\/wp-json\/wp\/v2\/users\/1"}],"replies":[{"embeddable":true,"href":"https:\/\/www.oparanews.com.br\/index.php\/wp-json\/wp\/v2\/comments?post=6777"}],"version-history":[{"count":0,"href":"https:\/\/www.oparanews.com.br\/index.php\/wp-json\/wp\/v2\/posts\/6777\/revisions"}],"wp:attachment":[{"href":"https:\/\/www.oparanews.com.br\/index.php\/wp-json\/wp\/v2\/media?parent=6777"}],"wp:term":[{"taxonomy":"category","embeddable":true,"href":"https:\/\/www.oparanews.com.br\/index.php\/wp-json\/wp\/v2\/categories?post=6777"},{"taxonomy":"post_tag","embeddable":true,"href":"https:\/\/www.oparanews.com.br\/index.php\/wp-json\/wp\/v2\/tags?post=6777"}],"curies":[{"name":"wp","href":"https:\/\/api.w.org\/{rel}","templated":true}]}}