{"id":6796,"date":"2020-05-28T01:51:13","date_gmt":"2020-05-28T01:51:13","guid":{"rendered":"https:\/\/oparanews.com.br\/?p=6796"},"modified":"2020-05-28T01:51:13","modified_gmt":"2020-05-28T01:51:13","slug":"diretor-da-conmebol-fala-sobre-retorno-de-competicoes-em-setembro","status":"publish","type":"post","link":"https:\/\/www.oparanews.com.br\/index.php\/2020\/05\/28\/diretor-da-conmebol-fala-sobre-retorno-de-competicoes-em-setembro\/","title":{"rendered":"Diretor da Conmebol fala sobre retorno de competi\u00e7\u00f5es em setembro"},"content":{"rendered":"<p>Em entrevista \u00e0 emissora argentina TyC Sports, Gonzalo Belloso, secret\u00e1rio-geral adjunto de futebol e diretor de desenvolvimento da Conmebol, relatou que a entidade sul-americana planeja o retorno da Libertadores e da Copa Sul-Americana em setembro.<\/p>\n<p>&#8220;Queremos voltar em setembro a jogar as Copas. De pouco a pouco, vamos tratando de cumprir nosso papel e estamos escutando aos especialistas. Se tiver que terminar ano que vem, que termine ano que vem. N\u00e3o h\u00e1 nenhum problema terminar em janeiro&#8221;, disse Belloso.<\/p>\n<p>O diretor da Conmebol ainda afirmou que a entidade est\u00e1 em contato com os governos dos pa\u00edses sul-americanos e falou sobre as grandes dificuldades enfrentadas.<\/p>\n<p>&#8220;Estamos organizando reuni\u00f5es com todos os governos. O futebol \u00e9 uma ind\u00fastria de tantas que est\u00e3o sofrendo com a pandemia. O problema mais dif\u00edcil que enfrentamos \u00e9 a da migra\u00e7\u00e3o das equipes e os aeroportos&#8221;, explicou.<\/p>\n<p>Gonzalo Belloso reiterou que a Libertadores e a Copa Sul-Americana ser\u00e3o encerradas em campo e, por enquanto, n\u00e3o ter\u00e3o seus formatos alterados. Por fim, o diretor ainda disse que para o retorno das competi\u00e7\u00f5es, \u00e9 preciso analisar os campeonatos nacionais dos pa\u00edses sul-americanos.<\/p>\n<p>&#8220;Tamb\u00e9m temos que levar em considera\u00e7\u00e3o todos os calend\u00e1rios locais para que possam jogar os torneios locais em seus pa\u00edses. Trabalhamos paralelamente com os pa\u00edses para ver o que eles planejam&#8221;, concluiu.<\/p>\n<p>&nbsp;<\/p>\n<p><strong>Fonte: Terra<\/strong><\/p>\n<p>&nbsp;<\/p>\n","protected":false},"excerpt":{"rendered":"<p>Em entrevista \u00e0 emissora argentina TyC Sports, Gonzalo Belloso, secret\u00e1rio-geral adjunto de futebol e diretor de desenvolvimento da Conmebol, relatou que a entidade sul-americana planeja o retorno da Libertadores e da Copa Sul-Americana em setembro. &#8220;Queremos voltar em setembro a jogar as Copas. De pouco a pouco, vamos tratando de cumprir nosso papel e estamos &hellip;<\/p>\n","protected":false},"author":1,"featured_media":6797,"comment_status":"open","ping_status":"open","sticky":false,"template":"","format":"standard","meta":{"_jetpack_newsletter_access":"","_jetpack_dont_email_post_to_subs":false,"_jetpack_newsletter_tier_id":0,"_jetpack_memberships_contains_paywalled_content":false,"_jetpack_memberships_contains_paid_content":false,"footnotes":""},"categories":[1],"tags":[],"class_list":["post-6796","post","type-post","status-publish","format-standard","has-post-thumbnail","hentry","category-destaque"],"jetpack_sharing_enabled":true,"jetpack_featured_media_url":"","_links":{"self":[{"href":"https:\/\/www.oparanews.com.br\/index.php\/wp-json\/wp\/v2\/posts\/6796","targetHints":{"allow":["GET"]}}],"collection":[{"href":"https:\/\/www.oparanews.com.br\/index.php\/wp-json\/wp\/v2\/posts"}],"about":[{"href":"https:\/\/www.oparanews.com.br\/index.php\/wp-json\/wp\/v2\/types\/post"}],"author":[{"embeddable":true,"href":"https:\/\/www.oparanews.com.br\/index.php\/wp-json\/wp\/v2\/users\/1"}],"replies":[{"embeddable":true,"href":"https:\/\/www.oparanews.com.br\/index.php\/wp-json\/wp\/v2\/comments?post=6796"}],"version-history":[{"count":0,"href":"https:\/\/www.oparanews.com.br\/index.php\/wp-json\/wp\/v2\/posts\/6796\/revisions"}],"wp:attachment":[{"href":"https:\/\/www.oparanews.com.br\/index.php\/wp-json\/wp\/v2\/media?parent=6796"}],"wp:term":[{"taxonomy":"category","embeddable":true,"href":"https:\/\/www.oparanews.com.br\/index.php\/wp-json\/wp\/v2\/categories?post=6796"},{"taxonomy":"post_tag","embeddable":true,"href":"https:\/\/www.oparanews.com.br\/index.php\/wp-json\/wp\/v2\/tags?post=6796"}],"curies":[{"name":"wp","href":"https:\/\/api.w.org\/{rel}","templated":true}]}}