{"id":6812,"date":"2020-05-28T23:52:29","date_gmt":"2020-05-28T23:52:29","guid":{"rendered":"https:\/\/oparanews.com.br\/?p=6812"},"modified":"2020-05-28T23:52:29","modified_gmt":"2020-05-28T23:52:29","slug":"rafa-kalimann-e-a-nova-contratada-da-globo","status":"publish","type":"post","link":"https:\/\/www.oparanews.com.br\/index.php\/2020\/05\/28\/rafa-kalimann-e-a-nova-contratada-da-globo\/","title":{"rendered":"Rafa Kalimann \u00e9 a nova contratada da Globo"},"content":{"rendered":"<p>A vice-campe\u00e3 do \u201cBig Brother Brasil 20\u201d, Rafa Kalimann, \u00e9 a nova contratada da Rede Globo. A influenciadora digital confirmou a novidade e agradeceu pelo apoio e carinho dos f\u00e3s. A musa tamb\u00e9m revelou que este j\u00e1 era um sonho de longa data.<\/p>\n<p>\u201cQuantas vezes chorei, pedi, tive medo de n\u00e3o acontecer. Quantas vezes implorei pra Deus pra me permitir realizar meus sonhos. Ele s\u00f3 estava me preparando, mesmo nos momentos de dor (ou principalmente neles)\u201d, escreveu no Twitter.<\/p>\n<p>\u201cTudo \u00e9 poss\u00edvel quando acreditamos. A forma com que encaramos nossos desafios, nosso foco, disciplina. Confiar! N\u00e3o desistam do sonho que t\u00e1 no seu cora\u00e7\u00e3o\u201d, afirmou.<\/p>\n<p>Num primeiro momento, a ex-BBB ser\u00e1 a estrela de uma atra\u00e7\u00e3o feita exclusivamente para o Globoplay. Na sequ\u00eancia, outros projetos de dramaturgia est\u00e3o nos planos da emissora.<\/p>\n<p>\u201cS\u00e3o mais de 13 anos lutando, buscando, passando noites em claro chorando. Tudo foi necess\u00e1rio pra me trazer at\u00e9 aqui. E da mesma forma que venho dando tudo de mim, continuarem agora pra fazer um trabalho impec\u00e1vel\u201d, ressaltou.<\/p>\n<p>\u201cDeus n\u00e3o nos d\u00e1 a gra\u00e7a sem antes nos preparar\u201d. Essa frase me acompanha todos os dias, as coisas n\u00e3o aconteceram no tempo que eu pedi, elas aconteceram no momento em que eu estou preparada pra receber\u201d, afirmou.<\/p>\n<p>Seguida por uma legi\u00e3o de f\u00e3s nas redes sociais, mais de 15 milh\u00f5es somente no Instagram, Rafa agradeceu. \u201cVoc\u00eas me ajudaram a chegar aqui, voc\u00eas acreditaram e apostaram em mim. Se n\u00e3o fosse minha conex\u00e3o com cada um eu n\u00e3o conseguiria chegar nesse sonho\u201d.<\/p>\n<p>&nbsp;<\/p>\n<p><strong>Fonte: Famosidade<\/strong><\/p>\n<p>&nbsp;<\/p>\n","protected":false},"excerpt":{"rendered":"<p>A vice-campe\u00e3 do \u201cBig Brother Brasil 20\u201d, Rafa Kalimann, \u00e9 a nova contratada da Rede Globo. A influenciadora digital confirmou a novidade e agradeceu pelo apoio e carinho dos f\u00e3s. A musa tamb\u00e9m revelou que este j\u00e1 era um sonho de longa data. \u201cQuantas vezes chorei, pedi, tive medo de n\u00e3o acontecer. Quantas vezes implorei &hellip;<\/p>\n","protected":false},"author":1,"featured_media":6813,"comment_status":"open","ping_status":"open","sticky":false,"template":"","format":"standard","meta":{"_jetpack_newsletter_access":"","_jetpack_dont_email_post_to_subs":false,"_jetpack_newsletter_tier_id":0,"_jetpack_memberships_contains_paywalled_content":false,"_jetpack_memberships_contains_paid_content":false,"footnotes":""},"categories":[1],"tags":[],"class_list":["post-6812","post","type-post","status-publish","format-standard","has-post-thumbnail","hentry","category-destaque"],"jetpack_sharing_enabled":true,"jetpack_featured_media_url":"","_links":{"self":[{"href":"https:\/\/www.oparanews.com.br\/index.php\/wp-json\/wp\/v2\/posts\/6812","targetHints":{"allow":["GET"]}}],"collection":[{"href":"https:\/\/www.oparanews.com.br\/index.php\/wp-json\/wp\/v2\/posts"}],"about":[{"href":"https:\/\/www.oparanews.com.br\/index.php\/wp-json\/wp\/v2\/types\/post"}],"author":[{"embeddable":true,"href":"https:\/\/www.oparanews.com.br\/index.php\/wp-json\/wp\/v2\/users\/1"}],"replies":[{"embeddable":true,"href":"https:\/\/www.oparanews.com.br\/index.php\/wp-json\/wp\/v2\/comments?post=6812"}],"version-history":[{"count":0,"href":"https:\/\/www.oparanews.com.br\/index.php\/wp-json\/wp\/v2\/posts\/6812\/revisions"}],"wp:attachment":[{"href":"https:\/\/www.oparanews.com.br\/index.php\/wp-json\/wp\/v2\/media?parent=6812"}],"wp:term":[{"taxonomy":"category","embeddable":true,"href":"https:\/\/www.oparanews.com.br\/index.php\/wp-json\/wp\/v2\/categories?post=6812"},{"taxonomy":"post_tag","embeddable":true,"href":"https:\/\/www.oparanews.com.br\/index.php\/wp-json\/wp\/v2\/tags?post=6812"}],"curies":[{"name":"wp","href":"https:\/\/api.w.org\/{rel}","templated":true}]}}