{"id":6818,"date":"2020-05-29T00:02:39","date_gmt":"2020-05-29T00:02:39","guid":{"rendered":"https:\/\/oparanews.com.br\/?p=6818"},"modified":"2020-05-29T00:02:39","modified_gmt":"2020-05-29T00:02:39","slug":"alvo-de-operacao-da-pf-mulher-de-witzel-e-internada","status":"publish","type":"post","link":"https:\/\/www.oparanews.com.br\/index.php\/2020\/05\/29\/alvo-de-operacao-da-pf-mulher-de-witzel-e-internada\/","title":{"rendered":"Alvo de opera\u00e7\u00e3o da PF, mulher de Witzel \u00e9 internada"},"content":{"rendered":"<p>A mulher do governador do Rio, Wilson Witzel (PSC), foi internada de emerg\u00eancia na manh\u00e3 desta quinta-feira, 28. Alvo da opera\u00e7\u00e3o da Pol\u00edcia Federal que cumpriu mandados de busca e apreens\u00e3o na \u00faltima ter\u00e7a-feira, Helena Witzel teria tido um pico de press\u00e3o &#8211; em nota, o governo disse que ela sentiu um &#8220;mal-estar&#8221;<\/p>\n<p>Considerada uma personagem central na investiga\u00e7\u00e3o do Minist\u00e9rio P\u00fablico sobre o suposto esquema de corrup\u00e7\u00e3o na Sa\u00fade em meio \u00e0 pandemia, Helena foi levada ao Hospital Central Aristarcho Pessoa, no Rio Comprido, zona norte. Witzel a acompanhou.<\/p>\n<p>Segundo o Pal\u00e1cio Guanabara, a primeira-dama foi examinada, liberada e passa bem.<\/p>\n<p>Na manh\u00e3 de ter\u00e7a-feira, o Laranjeiras, resid\u00eancia oficial do mandat\u00e1rio, foi um dos endere\u00e7os visitados pela Pol\u00edcia Federal no \u00e2mbito da opera\u00e7\u00e3o Placebo. A casa em que o casal morava antes de assumir o mandato e o escrit\u00f3rio de advocacia de Helena tamb\u00e9m foram alvos de buscas e apreens\u00f5es.<\/p>\n<p>Contratos do escrit\u00f3rio de Helena com uma empresa investigada na Lava Jato entraram na mira dos investigadores. A suspeita \u00e9 de que ela n\u00e3o tenha prestado os servi\u00e7os pelos quais foi paga &#8211; o valor \u00e9 de R$ 540 mil.<\/p>\n<p>O que diz a defesa de Helena Witzel sobre as acusa\u00e7\u00f5es:<\/p>\n<p>Sobre a a\u00e7\u00e3o de busca e apreens\u00e3o realizada no escrit\u00f3rio e em sua atual resid\u00eancia, a advogada Helena Witzel, respons\u00e1vel pelo escrit\u00f3rio HW Assessoria Jur\u00eddica, esclarece que:<\/p>\n<p>1 &#8211; A dilig\u00eancia nada encontrou que pudesse comprovar alega\u00e7\u00f5es de seus requerentes;<\/p>\n<p>2 &#8211; A HW Assessoria Jur\u00eddica prestou servi\u00e7os para a empresa apontada pelo MPF, tendo recebido honor\u00e1rios, emitido nota fiscal e declarado regularmente os valores na declara\u00e7\u00e3o de imposto de renda do escrit\u00f3rio;<\/p>\n<p>3 &#8211; A advogada Helena Witzel reitera seu respeito \u00e0s institui\u00e7\u00f5es, mas lamenta que a opera\u00e7\u00e3o tenha sido imbu\u00edda de indisfar\u00e7ada motiva\u00e7\u00e3o pol\u00edtica, sendo sintom\u00e1tico, a esse respeito, que a a\u00e7\u00e3o foi antecipada na v\u00e9spera por deputada federal aliada do presidente Jair Bolsonaro.<\/p>\n<p><strong>Fonte: Terra<\/strong><\/p>\n","protected":false},"excerpt":{"rendered":"<p>A mulher do governador do Rio, Wilson Witzel (PSC), foi internada de emerg\u00eancia na manh\u00e3 desta quinta-feira, 28. Alvo da opera\u00e7\u00e3o da Pol\u00edcia Federal que cumpriu mandados de busca e apreens\u00e3o na \u00faltima ter\u00e7a-feira, Helena Witzel teria tido um pico de press\u00e3o &#8211; em nota, o governo disse que ela sentiu um &#8220;mal-estar&#8221; Considerada uma &hellip;<\/p>\n","protected":false},"author":1,"featured_media":6819,"comment_status":"open","ping_status":"open","sticky":false,"template":"","format":"standard","meta":{"_jetpack_newsletter_access":"","_jetpack_dont_email_post_to_subs":false,"_jetpack_newsletter_tier_id":0,"_jetpack_memberships_contains_paywalled_content":false,"_jetpack_memberships_contains_paid_content":false,"footnotes":""},"categories":[1],"tags":[],"class_list":["post-6818","post","type-post","status-publish","format-standard","has-post-thumbnail","hentry","category-destaque"],"jetpack_sharing_enabled":true,"jetpack_featured_media_url":"","_links":{"self":[{"href":"https:\/\/www.oparanews.com.br\/index.php\/wp-json\/wp\/v2\/posts\/6818","targetHints":{"allow":["GET"]}}],"collection":[{"href":"https:\/\/www.oparanews.com.br\/index.php\/wp-json\/wp\/v2\/posts"}],"about":[{"href":"https:\/\/www.oparanews.com.br\/index.php\/wp-json\/wp\/v2\/types\/post"}],"author":[{"embeddable":true,"href":"https:\/\/www.oparanews.com.br\/index.php\/wp-json\/wp\/v2\/users\/1"}],"replies":[{"embeddable":true,"href":"https:\/\/www.oparanews.com.br\/index.php\/wp-json\/wp\/v2\/comments?post=6818"}],"version-history":[{"count":0,"href":"https:\/\/www.oparanews.com.br\/index.php\/wp-json\/wp\/v2\/posts\/6818\/revisions"}],"wp:attachment":[{"href":"https:\/\/www.oparanews.com.br\/index.php\/wp-json\/wp\/v2\/media?parent=6818"}],"wp:term":[{"taxonomy":"category","embeddable":true,"href":"https:\/\/www.oparanews.com.br\/index.php\/wp-json\/wp\/v2\/categories?post=6818"},{"taxonomy":"post_tag","embeddable":true,"href":"https:\/\/www.oparanews.com.br\/index.php\/wp-json\/wp\/v2\/tags?post=6818"}],"curies":[{"name":"wp","href":"https:\/\/api.w.org\/{rel}","templated":true}]}}