{"id":6827,"date":"2020-05-29T00:14:13","date_gmt":"2020-05-29T00:14:13","guid":{"rendered":"https:\/\/oparanews.com.br\/?p=6827"},"modified":"2020-05-29T00:14:13","modified_gmt":"2020-05-29T00:14:13","slug":"inquerito-das-fake-news-e-inconstitucional-diz-bolsonaro","status":"publish","type":"post","link":"https:\/\/www.oparanews.com.br\/index.php\/2020\/05\/29\/inquerito-das-fake-news-e-inconstitucional-diz-bolsonaro\/","title":{"rendered":"Inqu\u00e9rito das fake news \u00e9 &#8220;inconstitucional&#8221;, diz Bolsonaro"},"content":{"rendered":"<p>O presidente Jair Bolsonaro afirmou nesta quinta-feira (28), que o inqu\u00e9rito das fake news &#8220;n\u00e3o tem base legal nenhuma&#8221; e \u00e9 &#8220;inconstitucional&#8221;. Em transmiss\u00e3o ao vivo no Facebook, o mandat\u00e1rio criticou a a\u00e7\u00e3o de buscas e apreens\u00e3o da Pol\u00edcia Federal na \u00faltima ter\u00e7a (27), que mirou nomes ligados ao &#8220;gabinete do \u00f3dio&#8221; e seus aliados. &#8220;Estou chateado com o inqu\u00e9rito, sim. \u00c9 um inqu\u00e9rito que n\u00e3o tem base legal nenhuma, \u00e9 inconstitucional.&#8221;<\/p>\n<p>Bolsonaro afirmou ainda que os alvos de busca e apreens\u00e3o da PF s\u00e3o &#8220;pessoas de bem&#8221; e que apoiam o seu mandato. &#8220;S\u00e3o conservadores, respeitam a fam\u00edlia, s\u00e3o armamentistas, defendem o livre mercado, s\u00e3o pessoas normais&#8221;, disse o presidente, acrescentando que desconhece qualquer uma que tenha uma vida pregressa que comprometa.<\/p>\n<p>O presidente classificou o dia da opera\u00e7\u00e3o como &#8220;triste&#8221; para todos aqueles que amam a liberdade de imprensa e lutam por um Pa\u00eds democr\u00e1tico.<\/p>\n<p>O inqu\u00e9rito das Fake News foi aberto em mar\u00e7o do ano passado para apurar amea\u00e7as, ofensas e fake news disparadas contra os integrantes do Supremo e seus familiares.<\/p>\n<p>Na opera\u00e7\u00e3o da \u00faltima ter\u00e7a-feira, o ministro Alexandre de Moraes determinou a oitiva de oito deputados, a quebra do sigilo banc\u00e1rio e fiscal dos supostos financiadores do esquema de dissemina\u00e7\u00e3o de &#8220;not\u00edcias falsas&#8221; e ainda o cumprimento de 29 mandados de busca e apreens\u00e3o no Distrito Federal, Rio de Janeiro, S\u00e3o Paulo, Mato Grosso, Paran\u00e1 e Santa Catarina.<\/p>\n<p>Entre os alvos de buscas est\u00e3o Roberto Jefferson Monteiro Francisco, ex-deputado e presidente do PTB; preso no mensal\u00e3o e hoje aliado do presidente, eLuciano Hang &#8211; empres\u00e1rio bolsonarista dono das lojas Havan.<\/p>\n<p><strong>Vaga no Supremo<\/strong><\/p>\n<p>Bolsonaro afirmou que o nome do procurador-geral da Rep\u00fablica, Augusto Aras, n\u00e3o est\u00e1 previsto para as duas pr\u00f3ximas vagas que abrir\u00e3o no STF. &#8220;Tem uma vaga prevista para novembro e outra pro ano que vem. O Aras, nessas duas vagas, n\u00e3o est\u00e1 previsto&#8221;, disse o presidente. Por\u00e9m, se aparecer uma terceira vaga para a Corte, o presidente afirmou que o nome de Aras &#8220;entra fortemente&#8221;.<\/p>\n<p>O presidente disse que um dos indicados para o STF ser\u00e1 evang\u00e9lico por um compromisso dele com a banca.&#8221;Uma pitada de religiosidade de cristianismo \u00e9 muito bem-vindo&#8221;, afirmou.<\/p>\n<p>&nbsp;<\/p>\n<p><strong>Fonte: Terra<\/strong><\/p>\n<p>&nbsp;<\/p>\n","protected":false},"excerpt":{"rendered":"<p>O presidente Jair Bolsonaro afirmou nesta quinta-feira (28), que o inqu\u00e9rito das fake news &#8220;n\u00e3o tem base legal nenhuma&#8221; e \u00e9 &#8220;inconstitucional&#8221;. Em transmiss\u00e3o ao vivo no Facebook, o mandat\u00e1rio criticou a a\u00e7\u00e3o de buscas e apreens\u00e3o da Pol\u00edcia Federal na \u00faltima ter\u00e7a (27), que mirou nomes ligados ao &#8220;gabinete do \u00f3dio&#8221; e seus aliados. &hellip;<\/p>\n","protected":false},"author":1,"featured_media":6828,"comment_status":"open","ping_status":"open","sticky":false,"template":"","format":"standard","meta":{"_jetpack_newsletter_access":"","_jetpack_dont_email_post_to_subs":false,"_jetpack_newsletter_tier_id":0,"_jetpack_memberships_contains_paywalled_content":false,"_jetpack_memberships_contains_paid_content":false,"footnotes":""},"categories":[1],"tags":[],"class_list":["post-6827","post","type-post","status-publish","format-standard","has-post-thumbnail","hentry","category-destaque"],"jetpack_sharing_enabled":true,"jetpack_featured_media_url":"","_links":{"self":[{"href":"https:\/\/www.oparanews.com.br\/index.php\/wp-json\/wp\/v2\/posts\/6827","targetHints":{"allow":["GET"]}}],"collection":[{"href":"https:\/\/www.oparanews.com.br\/index.php\/wp-json\/wp\/v2\/posts"}],"about":[{"href":"https:\/\/www.oparanews.com.br\/index.php\/wp-json\/wp\/v2\/types\/post"}],"author":[{"embeddable":true,"href":"https:\/\/www.oparanews.com.br\/index.php\/wp-json\/wp\/v2\/users\/1"}],"replies":[{"embeddable":true,"href":"https:\/\/www.oparanews.com.br\/index.php\/wp-json\/wp\/v2\/comments?post=6827"}],"version-history":[{"count":0,"href":"https:\/\/www.oparanews.com.br\/index.php\/wp-json\/wp\/v2\/posts\/6827\/revisions"}],"wp:attachment":[{"href":"https:\/\/www.oparanews.com.br\/index.php\/wp-json\/wp\/v2\/media?parent=6827"}],"wp:term":[{"taxonomy":"category","embeddable":true,"href":"https:\/\/www.oparanews.com.br\/index.php\/wp-json\/wp\/v2\/categories?post=6827"},{"taxonomy":"post_tag","embeddable":true,"href":"https:\/\/www.oparanews.com.br\/index.php\/wp-json\/wp\/v2\/tags?post=6827"}],"curies":[{"name":"wp","href":"https:\/\/api.w.org\/{rel}","templated":true}]}}