{"id":6830,"date":"2020-05-29T16:31:17","date_gmt":"2020-05-29T16:31:17","guid":{"rendered":"https:\/\/oparanews.com.br\/?p=6830"},"modified":"2020-05-29T16:31:17","modified_gmt":"2020-05-29T16:31:17","slug":"carreta-com-carga-de-vidro-tomba-na-br-101-em-teotonio-vilela","status":"publish","type":"post","link":"https:\/\/www.oparanews.com.br\/index.php\/2020\/05\/29\/carreta-com-carga-de-vidro-tomba-na-br-101-em-teotonio-vilela\/","title":{"rendered":"Carreta com carga de vidro tomba na BR-101, em Teot\u00f4nio Vilela"},"content":{"rendered":"<p>Uma carreta que transportava uma carga de garrafas de vidro tombou na BR-101, na cidade de Teot\u00f4nio Vilela, na madrugada desta sexta-feira (29). O tr\u00e2nsito foi bloqueado no local.<\/p>\n<p>Segundo a Pol\u00edcia Rodovi\u00e1ria Federal (PRF), que foi acionada para a ocorr\u00eancia, o caminh\u00e3o ficou ca\u00eddo na rodovia e a carga de vidro ficou espalhada pela pista, impedindo o tr\u00e2nsito no local.<\/p>\n<p>Quem estiver trafegando em dire\u00e7\u00e3o \u00e0 regi\u00e3o, precisar\u00e1 desviar na altura do quil\u00f4metro 139, por Arapiraca, no trevo ao lado do posto da PRF de S\u00e3o Miguel dos Campos.<\/p>\n<p>Segundo a PRF, uma pessoa ficou ferida. N\u00e3o h\u00e1 informa\u00e7\u00f5es para onde ela foi levada.<\/p>\n<p>&nbsp;<\/p>\n<p><strong>Fonte: G1\/AL<\/strong><\/p>\n<p>&nbsp;<\/p>\n","protected":false},"excerpt":{"rendered":"<p>Uma carreta que transportava uma carga de garrafas de vidro tombou na BR-101, na cidade de Teot\u00f4nio Vilela, na madrugada desta sexta-feira (29). O tr\u00e2nsito foi bloqueado no local. Segundo a Pol\u00edcia Rodovi\u00e1ria Federal (PRF), que foi acionada para a ocorr\u00eancia, o caminh\u00e3o ficou ca\u00eddo na rodovia e a carga de vidro ficou espalhada pela &hellip;<\/p>\n","protected":false},"author":1,"featured_media":6831,"comment_status":"open","ping_status":"open","sticky":false,"template":"","format":"standard","meta":{"_jetpack_newsletter_access":"","_jetpack_dont_email_post_to_subs":false,"_jetpack_newsletter_tier_id":0,"_jetpack_memberships_contains_paywalled_content":false,"_jetpack_memberships_contains_paid_content":false,"footnotes":""},"categories":[1],"tags":[],"class_list":["post-6830","post","type-post","status-publish","format-standard","has-post-thumbnail","hentry","category-destaque"],"jetpack_sharing_enabled":true,"jetpack_featured_media_url":"","_links":{"self":[{"href":"https:\/\/www.oparanews.com.br\/index.php\/wp-json\/wp\/v2\/posts\/6830","targetHints":{"allow":["GET"]}}],"collection":[{"href":"https:\/\/www.oparanews.com.br\/index.php\/wp-json\/wp\/v2\/posts"}],"about":[{"href":"https:\/\/www.oparanews.com.br\/index.php\/wp-json\/wp\/v2\/types\/post"}],"author":[{"embeddable":true,"href":"https:\/\/www.oparanews.com.br\/index.php\/wp-json\/wp\/v2\/users\/1"}],"replies":[{"embeddable":true,"href":"https:\/\/www.oparanews.com.br\/index.php\/wp-json\/wp\/v2\/comments?post=6830"}],"version-history":[{"count":0,"href":"https:\/\/www.oparanews.com.br\/index.php\/wp-json\/wp\/v2\/posts\/6830\/revisions"}],"wp:attachment":[{"href":"https:\/\/www.oparanews.com.br\/index.php\/wp-json\/wp\/v2\/media?parent=6830"}],"wp:term":[{"taxonomy":"category","embeddable":true,"href":"https:\/\/www.oparanews.com.br\/index.php\/wp-json\/wp\/v2\/categories?post=6830"},{"taxonomy":"post_tag","embeddable":true,"href":"https:\/\/www.oparanews.com.br\/index.php\/wp-json\/wp\/v2\/tags?post=6830"}],"curies":[{"name":"wp","href":"https:\/\/api.w.org\/{rel}","templated":true}]}}